{"id":18044,"date":"2016-02-07T07:50:19","date_gmt":"2016-02-07T06:50:19","guid":{"rendered":"https:\/\/www.forum-soegel.de\/information\/?p=18044"},"modified":"2016-02-07T07:50:19","modified_gmt":"2016-02-07T06:50:19","slug":"ampelmadchen-statt-ampelmannchen","status":"publish","type":"post","link":"https:\/\/www.forum-soegel.de\/information\/2016\/02\/ampelmadchen-statt-ampelmannchen\/","title":{"rendered":"Ampelm\u00e4dchen statt Ampelm\u00e4nnchen"},"content":{"rendered":"<p><a href=\"https:\/\/www.forum-soegel.de\/information\/wp-content\/uploads\/2016\/02\/Ampelm\u00e4dchen-statt-Ampelm\u00e4nnchen.jpg\"><img loading=\"lazy\" decoding=\"async\" class=\"alignleft size-thumbnail wp-image-18045\" title=\"Ampelm\u00e4dchen statt Ampelm\u00e4nnchen\" src=\"https:\/\/www.forum-soegel.de\/information\/wp-content\/uploads\/2016\/02\/Ampelm\u00e4dchen-statt-Ampelm\u00e4nnchen-150x150.jpg\" alt=\"\" width=\"150\" height=\"150\" \/><\/a>S\u00f6gel &#8211; Emanzipation auch im Stra\u00dfenverkehr: Eine Frau regelt seit einiger Zeit den Verkehr f\u00fcr die Fu\u00dfg\u00e4nger in der S\u00f6geler Amtsstra\u00dfe. Wegweisend auf der neuen Lichtzeichenanlage ist kein \u201eAmpelmann\u201c, sondern ein \u201eAmpelm\u00e4dchen\u201c.<\/p>\n<p>Aus dem Rathaus hei\u00dft es dazu: \u201eIm emsl\u00e4ndischen Stra\u00dfenverkehr beherrschen ausschlie\u00dflich Ampelm\u00e4nner das Geschehen; in S\u00f6gel ist nun die erste Frau an diesem wichtigen Verkehrsknotenpunkt eingesetzt. Das war l\u00e4ngst \u00fcberf\u00e4llig\u201c, sagte Gemeindedirektor G\u00fcnter Wigbers scherzhaft. Damit nicht genug: Neben der weiblichen Ausf\u00fchrung hat die Gemeinde zugleich auch einen Countdown eingebaut:<\/p>\n<p>Ein Zusatzdisplay z\u00e4hlt die Sekunden in der Rotphase herunter, bis der Fu\u00dfg\u00e4nger die Stra\u00dfe bei Gr\u00fcn gefahrenlos \u00fcberqueren kann. &#8222;Wenn Passanten wissen, wann es gr\u00fcn wird, f\u00e4llt es ihnen leichter sich zu gedulden.&#8220; Dieser Ampelbaustein habe so gesehen einen durchaus ernsten Hintergrund. Denn \u00e4ltere Menschen k\u00f6nnten mit Hilfe dieser Anzeige besser absch\u00e4tzen, ob sie die Stra\u00dfe in der aktuellen Gr\u00fcnphase noch \u00fcberqueren k\u00f6nnen &#8211; oder lieber auf die n\u00e4chste warten.<\/p>\n<p>Text: Ingrid Cloppenburg \/ Foto: Samtgemeinde S\u00f6gel<\/p>\n<p>&nbsp;<\/p>\n","protected":false},"excerpt":{"rendered":"S\u00f6gel &#8211; Emanzipation auch im Stra\u00dfenverkehr: Eine Frau regelt seit einiger Zeit den Verkehr f\u00fcr die Fu\u00dfg\u00e4nger in der S\u00f6geler Amtsstra\u00dfe. Wegweisend auf der neuen Lichtzeichenanlage ist kein \u201eAmpelmann\u201c, sondern ein \u201eAmpelm\u00e4dchen\u201c. Aus dem Rathaus hei\u00dft es dazu: \u201eIm emsl\u00e4ndischen Stra\u00dfenverkehr beherrschen ausschlie\u00dflich Ampelm\u00e4nner das Geschehen; in S\u00f6gel ist nun die erste Frau an diesem [&hellip;]\n","protected":false},"author":2,"featured_media":0,"comment_status":"closed","ping_status":"closed","sticky":false,"template":"","format":"standard","meta":{"ngg_post_thumbnail":0,"footnotes":""},"categories":[3],"tags":[],"class_list":["post-18044","post","type-post","status-publish","format-standard","hentry","category-aktuelles-aus-der-region"],"_links":{"self":[{"href":"https:\/\/www.forum-soegel.de\/information\/wp-json\/wp\/v2\/posts\/18044","targetHints":{"allow":["GET"]}}],"collection":[{"href":"https:\/\/www.forum-soegel.de\/information\/wp-json\/wp\/v2\/posts"}],"about":[{"href":"https:\/\/www.forum-soegel.de\/information\/wp-json\/wp\/v2\/types\/post"}],"author":[{"embeddable":true,"href":"https:\/\/www.forum-soegel.de\/information\/wp-json\/wp\/v2\/users\/2"}],"replies":[{"embeddable":true,"href":"https:\/\/www.forum-soegel.de\/information\/wp-json\/wp\/v2\/comments?post=18044"}],"version-history":[{"count":1,"href":"https:\/\/www.forum-soegel.de\/information\/wp-json\/wp\/v2\/posts\/18044\/revisions"}],"predecessor-version":[{"id":18046,"href":"https:\/\/www.forum-soegel.de\/information\/wp-json\/wp\/v2\/posts\/18044\/revisions\/18046"}],"wp:attachment":[{"href":"https:\/\/www.forum-soegel.de\/information\/wp-json\/wp\/v2\/media?parent=18044"}],"wp:term":[{"taxonomy":"category","embeddable":true,"href":"https:\/\/www.forum-soegel.de\/information\/wp-json\/wp\/v2\/categories?post=18044"},{"taxonomy":"post_tag","embeddable":true,"href":"https:\/\/www.forum-soegel.de\/information\/wp-json\/wp\/v2\/tags?post=18044"}],"curies":[{"name":"wp","href":"https:\/\/api.w.org\/{rel}","templated":true}]}}