{"id":18041,"date":"2016-02-07T07:48:42","date_gmt":"2016-02-07T06:48:42","guid":{"rendered":"https:\/\/www.forum-soegel.de\/information\/?p=18041"},"modified":"2016-02-07T07:48:42","modified_gmt":"2016-02-07T06:48:42","slug":"abriss-fur-baustart-an-der-sigiltrastrase","status":"publish","type":"post","link":"https:\/\/www.forum-soegel.de\/information\/2016\/02\/abriss-fur-baustart-an-der-sigiltrastrase\/","title":{"rendered":"Abriss f\u00fcr Baustart an der Sigiltrastra\u00dfe"},"content":{"rendered":"<p style=\"text-align: left;\" align=\"center\"><strong>S\u00f6geler B\u00fcrgergenossenschaft legt Hand an<\/strong><\/p>\n<p>S\u00f6gel &#8211; Alte Geb\u00e4ude an der S\u00f6geler Sigiltrastra\u00dfe werden derzeit abgerissen, um Platz f\u00fcr das erste von insgesamt drei neuen H\u00e4usern der B\u00fcrgergenossenschaft zu schaffen. Im Sommer 2016 soll die Wohneinheit laut Architekt Henning Radke fertig sein. Finanzierung und Registereintrag sind einget\u00fctet.<\/p>\n<p>Zwei alte H\u00e4user f\u00fcr die erste Wohneinheit wurden abgerissen. Platz f\u00fcr 24 Personen soll sie bieten mit vier Wohnungen \u00e1 90 Quadratmetern, so Radke. Gedacht ist das Haus als Unterkunft f\u00fcr Fl\u00fcchtlinge und sozial schwache Menschen, teilt G\u00fcnter Wigbers (CDU), B\u00fcrgermeister der Samtgemeinde S\u00f6gel, mit. Ohnehin sei die Situation in der Gemeinde S\u00f6gel eine besondere, denn es herrsche ein erheblicher Wohnungsmangel in S\u00f6gel \u2013 allein schon wegen der vielen Werksvertragsarbeiter und auch wegen der Fl\u00fcchtlinge. Beide Gruppen sollen gleichbehandelt werden, so Wigbers. \u201eMenschen, die aus Not zu uns kommen, sollen eine menschenw\u00fcrdige Unterkunft bekommen.\u201c<\/p>\n<p>Ein Aspekt dabei ist die Lage: \u201eDie Menschen sollen alles fu\u00dfl\u00e4ufig erreichen k\u00f6nnen\u201c, sagt S\u00f6gels B\u00fcrgermeisterin und 2. Vorsitzende der Genossenschaft Irmgard Welling. Es solle zudem am dezentralen Konzept festgehalten werden, erg\u00e4nzt Wigbers. Die zwei weiteren geplanten Wohnh\u00e4user in gleicher Gr\u00f6\u00dfe sollen daher ebenfalls im Ortskern stehen. Weitere Standorte sind an der Sprakeler Stra\u00dfe und an der Von-Steuben-Stra\u00dfe. Die Mieten sollen dem orts\u00fcblichen Mietzins angepasst sein. Die Preise seien allerdings \u201eenorm gestiegen\u201c. \u201eWir liegen ungef\u00e4hr auf dem Niveau der Stadt Lingen\u201c, so der Samtgemeindeb\u00fcrgermeister.<\/p>\n<p>180 Genossen hat \u201eWillkommen in S\u00f6gel eG \u2013 B\u00fcrgergenossenschaft f\u00fcr Menschen in Not\u201c \u2013 so der volle Name \u2013 bis jetzt, und das mit stetiger Verst\u00e4rkung. \u201eJeden Tag zeichnen B\u00fcrger Anteile\u201c, sagt Wigbers. Das Geld kommt dabei aus ganz Deutschland, \u201evom Bodensee bis zur Nordsee.\u201c Zehn bis 15 Prozent derjenigen, die Anteile zeichnen, kommen nicht aus dem Samtgemeindegebiet. Das Medieninteresse durch den Norddeutschen Rundfunk (NDR) habe laut Wigbers wohl f\u00fcr entsprechende Aufmerksamkeit gesorgt. Seit der Gr\u00fcndung vor drei Monaten (Mitte September 2015) sei damit inzwischen eine Summe von 1,1 Millionen Euro zusammen gekommen. Die Betr\u00e4ge der Anteilseigner l\u00e4gen zwischen 100 Euro \u2013 dem Minimalbetrag \u2013 und dem sechststelligen Bereich. F\u00fcr alle gleicherma\u00dfen gilt dabei eine Rendite von zwei Prozent oder mehr, so Wigbers. Die gro\u00dfe Bereitschaft der B\u00fcrger liege vermutlich auch darin, dass die Zinsen bei der Bank derzeit ohnehin sehr niedrig sind.<\/p>\n<p>Auch die \u00fcbrige Finanzierung steht: Die Kreditanstalt f\u00fcr Wiederaufbau (KfW) hat den Antrag der Gemeinde S\u00f6gel bewilligt. Die Gemeinde musste Antragsteller sein, weil nur Kommunen Anspruch auf die entsprechende Sonderf\u00f6rderung f\u00fcr Fl\u00fcchtlingsunterk\u00fcnfte haben, die dann auf Dritte \u2013 also die B\u00fcrgergenossenschaft \u2013 \u00fcbertragen werden kann, erkl\u00e4rt Wigbers. Das Darlehen in H\u00f6he von 1,4 Millionen Euro hat eine Laufzeit von zehn Jahren mit null Prozent Zinsen. Die Gemeinde S\u00f6gel selbst hat ebenfalls Anteile gezeichnet, indem sie das Grundst\u00fcck f\u00fcr den bevorstehenden Neubau an der Sigiltrastra\u00dfe an die Genossenschaft \u00fcbertragen hat. Das vorige Gemeindeeigentum hat einen Wert von rund 100000 Euro.<\/p>\n<p>Text: Maike Plaggenborg, Ems-Zeitung \/ Foto: Gemeinde S\u00f6gel<\/p>\n<div id=\"attachment_18042\" style=\"width: 235px\" class=\"wp-caption alignnone\"><a href=\"https:\/\/www.forum-soegel.de\/information\/wp-content\/uploads\/2016\/02\/Abriss-f\u00fcr-Baustart-an-der-Sigiltrastra\u00dfe.jpg\"><img loading=\"lazy\" decoding=\"async\" aria-describedby=\"caption-attachment-18042\" class=\"size-medium wp-image-18042\" title=\"Abriss f\u00fcr Baustart an der Sigiltrastra\u00dfe\" src=\"https:\/\/www.forum-soegel.de\/information\/wp-content\/uploads\/2016\/02\/Abriss-f\u00fcr-Baustart-an-der-Sigiltrastra\u00dfe-225x300.jpg\" alt=\"\" width=\"225\" height=\"300\" srcset=\"https:\/\/www.forum-soegel.de\/information\/wp-content\/uploads\/2016\/02\/Abriss-f\u00fcr-Baustart-an-der-Sigiltrastra\u00dfe-225x300.jpg 225w, https:\/\/www.forum-soegel.de\/information\/wp-content\/uploads\/2016\/02\/Abriss-f\u00fcr-Baustart-an-der-Sigiltrastra\u00dfe.jpg 576w\" sizes=\"auto, (max-width: 225px) 100vw, 225px\" \/><\/a><p id=\"caption-attachment-18042\" class=\"wp-caption-text\">Die B\u00fcrgergenossenschaft l\u00e4sst abrei\u00dfen, um das erste von drei neuen Wohnh\u00e4usern errichten zu k\u00f6nnen. Vor Ort waren Franz Klawitter (von links), G\u00fcnter Wigbers, Henning Radke, Irmgard Welling und Arnd Sievers.<\/p><\/div>\n<p>&nbsp;<\/p>\n","protected":false},"excerpt":{"rendered":"S\u00f6geler B\u00fcrgergenossenschaft legt Hand an S\u00f6gel &#8211; Alte Geb\u00e4ude an der S\u00f6geler Sigiltrastra\u00dfe werden derzeit abgerissen, um Platz f\u00fcr das erste von insgesamt drei neuen H\u00e4usern der B\u00fcrgergenossenschaft zu schaffen. Im Sommer 2016 soll die Wohneinheit laut Architekt Henning Radke fertig sein. Finanzierung und Registereintrag sind einget\u00fctet. Zwei alte H\u00e4user f\u00fcr die erste Wohneinheit wurden [&hellip;]\n","protected":false},"author":2,"featured_media":0,"comment_status":"closed","ping_status":"closed","sticky":false,"template":"","format":"standard","meta":{"ngg_post_thumbnail":0,"footnotes":""},"categories":[3],"tags":[],"class_list":["post-18041","post","type-post","status-publish","format-standard","hentry","category-aktuelles-aus-der-region"],"_links":{"self":[{"href":"https:\/\/www.forum-soegel.de\/information\/wp-json\/wp\/v2\/posts\/18041","targetHints":{"allow":["GET"]}}],"collection":[{"href":"https:\/\/www.forum-soegel.de\/information\/wp-json\/wp\/v2\/posts"}],"about":[{"href":"https:\/\/www.forum-soegel.de\/information\/wp-json\/wp\/v2\/types\/post"}],"author":[{"embeddable":true,"href":"https:\/\/www.forum-soegel.de\/information\/wp-json\/wp\/v2\/users\/2"}],"replies":[{"embeddable":true,"href":"https:\/\/www.forum-soegel.de\/information\/wp-json\/wp\/v2\/comments?post=18041"}],"version-history":[{"count":1,"href":"https:\/\/www.forum-soegel.de\/information\/wp-json\/wp\/v2\/posts\/18041\/revisions"}],"predecessor-version":[{"id":18043,"href":"https:\/\/www.forum-soegel.de\/information\/wp-json\/wp\/v2\/posts\/18041\/revisions\/18043"}],"wp:attachment":[{"href":"https:\/\/www.forum-soegel.de\/information\/wp-json\/wp\/v2\/media?parent=18041"}],"wp:term":[{"taxonomy":"category","embeddable":true,"href":"https:\/\/www.forum-soegel.de\/information\/wp-json\/wp\/v2\/categories?post=18041"},{"taxonomy":"post_tag","embeddable":true,"href":"https:\/\/www.forum-soegel.de\/information\/wp-json\/wp\/v2\/tags?post=18041"}],"curies":[{"name":"wp","href":"https:\/\/api.w.org\/{rel}","templated":true}]}}