{"id":18039,"date":"2016-02-07T07:46:26","date_gmt":"2016-02-07T06:46:26","guid":{"rendered":"https:\/\/www.forum-soegel.de\/information\/?p=18039"},"modified":"2016-03-14T20:59:59","modified_gmt":"2016-03-14T19:59:59","slug":"zeit-umzuschalten","status":"publish","type":"post","link":"https:\/\/www.forum-soegel.de\/information\/2016\/02\/zeit-umzuschalten\/","title":{"rendered":"Zeit, umzuschalten!"},"content":{"rendered":"<p>Diesen Februar ist es mal wieder soweit, wir haben ein Schaltjahr. Das bedeutet,<\/p>\n<p>dass Sie, liebe Leserinnen und Leser, nun ganze 24 Stunden mehr Zeit zur Verf\u00fcgung haben.<\/p>\n<p>Wof\u00fcr kann man nun diese Zeit nutzen? Sie k\u00f6nnen beispielsweise den Dachboden aufr\u00e4umen, den Keller streichen, die Gartenm\u00f6bel polieren \u2026<\/p>\n<p>Aber vielleicht sollte es ja nicht immer nur Arbeit sein: Viel sch\u00f6ner und erholsamer w\u00e4re es da doch zum Beispiel, wenn Sie sich einen sch\u00f6nen Abend vor dem Kamin, vielleicht mit dieser aktuellen Ausgabe der IfS, machen. Oder Sie unternehmen mit Ihren Lieben einen Ausflug, zum Beispiel in die vielleicht noch winterlich wei\u00dfe oder doch schon fr\u00fchlingsgr\u00fcne Umgebung des H\u00fcmmlings.<\/p>\n<p>Egal, wie sie diesen extra Tag verbringen wollen w\u00fcrden, ob mit Arbeit oder Freizeit,<\/p>\n<p>die Hauptsache dabei w\u00e4re, dass Sie Spa\u00df dabei und daran haben.<\/p>\n<p>Aber leider Gottes, liebe Leserinnen und Leser, ist dieser extra Tag, welchen man doch so sch\u00f6n verbringen k\u00f6nnte, nur ein ganz normaler Montag.<\/p>\n<p>&nbsp;<\/p>\n<p>Jonathan Vo\u00df<\/p>\n<p>und Sandra Strauch<\/p>\n<p>f\u00fcr das Redaktionsteam IfS<\/p>\n","protected":false},"excerpt":{"rendered":"Diesen Februar ist es mal wieder soweit, wir haben ein Schaltjahr. Das bedeutet, dass Sie, liebe Leserinnen und Leser, nun ganze 24 Stunden mehr Zeit zur Verf\u00fcgung haben. Wof\u00fcr kann man nun diese Zeit nutzen? Sie k\u00f6nnen beispielsweise den Dachboden aufr\u00e4umen, den Keller streichen, die Gartenm\u00f6bel polieren \u2026 Aber vielleicht sollte es ja nicht immer [&hellip;]\n","protected":false},"author":2,"featured_media":0,"comment_status":"closed","ping_status":"closed","sticky":false,"template":"","format":"standard","meta":{"ngg_post_thumbnail":0,"footnotes":""},"categories":[393],"tags":[],"class_list":["post-18039","post","type-post","status-publish","format-standard","hentry","category-vorwort"],"_links":{"self":[{"href":"https:\/\/www.forum-soegel.de\/information\/wp-json\/wp\/v2\/posts\/18039","targetHints":{"allow":["GET"]}}],"collection":[{"href":"https:\/\/www.forum-soegel.de\/information\/wp-json\/wp\/v2\/posts"}],"about":[{"href":"https:\/\/www.forum-soegel.de\/information\/wp-json\/wp\/v2\/types\/post"}],"author":[{"embeddable":true,"href":"https:\/\/www.forum-soegel.de\/information\/wp-json\/wp\/v2\/users\/2"}],"replies":[{"embeddable":true,"href":"https:\/\/www.forum-soegel.de\/information\/wp-json\/wp\/v2\/comments?post=18039"}],"version-history":[{"count":5,"href":"https:\/\/www.forum-soegel.de\/information\/wp-json\/wp\/v2\/posts\/18039\/revisions"}],"predecessor-version":[{"id":18460,"href":"https:\/\/www.forum-soegel.de\/information\/wp-json\/wp\/v2\/posts\/18039\/revisions\/18460"}],"wp:attachment":[{"href":"https:\/\/www.forum-soegel.de\/information\/wp-json\/wp\/v2\/media?parent=18039"}],"wp:term":[{"taxonomy":"category","embeddable":true,"href":"https:\/\/www.forum-soegel.de\/information\/wp-json\/wp\/v2\/categories?post=18039"},{"taxonomy":"post_tag","embeddable":true,"href":"https:\/\/www.forum-soegel.de\/information\/wp-json\/wp\/v2\/tags?post=18039"}],"curies":[{"name":"wp","href":"https:\/\/api.w.org\/{rel}","templated":true}]}}