{"id":18011,"date":"2016-01-01T00:57:29","date_gmt":"2015-12-31T23:57:29","guid":{"rendered":"https:\/\/www.forum-soegel.de\/information\/?p=18011"},"modified":"2015-12-31T19:00:13","modified_gmt":"2015-12-31T18:00:13","slug":"geliehener-aufschwung-im-dritten-reich","status":"publish","type":"post","link":"https:\/\/www.forum-soegel.de\/information\/2016\/01\/geliehener-aufschwung-im-dritten-reich\/","title":{"rendered":"Geliehener Aufschwung im Dritten Reich"},"content":{"rendered":"<p>In den letzten Heften der IfS erschienen Artikel, die sich mit der Weimarer Republik befassten. In lockerer Folge sollen nun einige Facetten der nachfolgenden Zeit, also des Dritten Reichs,\u00a0 betrachtet werden. Zun\u00e4chst einige Zeilen zur Wirtschaft des Dritten Reichs.<\/p>\n<p>Tauchen zwei Ereignisse gleichzeitig oder kurz hintereinander auf, so ist es dennoch oft sachlich und logisch fragw\u00fcrdig oder falsch, wenn man eins als Grund f\u00fcr das andere betrachtet. Folgende \u201eSchlussfolgerung\u201c soll diese Aussage erl\u00e4utern: Im letzten Fr\u00fchjahr gab es besonders viele St\u00f6rche in Norddeutschland. Im Winter wurden dort mehr S\u00e4uglinge als sonst geboren. Also bringt der Klapperstorch die Kinder.<\/p>\n<p>An diesem Trugschluss zeigt sich, wie vorsichtig man sein muss, ein Ereignis mit dem<\/p>\n<p>anderen nur wegen zeitlicher N\u00e4he zu begr\u00fcnden. &#8211;\u00a0 Man h\u00f6rt oft, Hitler habe mit seiner Wirtschafts- und Arbeitsmarktpolitik die Arbeitslosen in Arbeit gebracht, da nach seiner Machtergreifung die Zahl der Unbesch\u00e4ftigten zur\u00fcckgegangen sei. Letzteres stimmt. Aber die Kausalbeziehung ist sehr fraglich. Nach Meinung der Wirtschaftshistoriker ging es mit der Weltwirtschaft ab 1932\/33 aufw\u00e4rts, was sich auch auf die deutsche Wirtschaft positiv auswirkte. Zudem hatten bereits vorherige Reichsregierungen Programme entworfen und Gelder bereit gestellt, um die deutsche Wirtschaft anzukurbeln sowie Arbeitslose zu besch\u00e4ftigen. Der Aufschwung im Reich hatte mehrere Ursachen, von denen nur eine in Arbeitsbeschaffungsprogrammen der Nationalsozialisten bestand. Als n\u00e4chstes muss man betrachten, wie und wof\u00fcr die Nationalsozialisten die Wirtschaft ankurbelten. Sie steuerten von Anfang an zielstrebig auf den Krieg zu und stellten die Wirtschaftspolitik auf Kriegswirtschaft um. Diese finanzierten sie mit Schulden, die geschickt verschleiert wurden, und mit der gnadenlosen Ausbeutung von Menschen.<\/p>\n<p>Nach dem Krieg brach die deutsche W\u00e4hrung wegen des inflation\u00e4ren Geldsch\u00f6pfens im Dritten Reich zusammen. Erst die W\u00e4hrungsreform, bei der alle Guthaben um 90% schrumpften, erbrachte mit der DM eine stabile W\u00e4hrung. Hinzu traten noch Demontagen und gewaltige Reparationszahlungen, die beide deutsche Staaten nach dem Krieg zu schultern hatten. Das hei\u00dft, den Aufschwung und die Kriegsfinanzierung liehen die Nationalsozialisten von den Deutschen, die den Krieg \u00fcberlebt hatten, teils fiel der Aufschwung wegen des Anziehens der Weltwirtschaft ihnen in den Scho\u00df. Zudem pl\u00fcnderten sie Menschen und L\u00e4nder regelrecht aus.<\/p>\n<p>Text: UM<\/p>\n<p>&nbsp;<\/p>\n","protected":false},"excerpt":{"rendered":"In den letzten Heften der IfS erschienen Artikel, die sich mit der Weimarer Republik befassten. In lockerer Folge sollen nun einige Facetten der nachfolgenden Zeit, also des Dritten Reichs,\u00a0 betrachtet werden. Zun\u00e4chst einige Zeilen zur Wirtschaft des Dritten Reichs. Tauchen zwei Ereignisse gleichzeitig oder kurz hintereinander auf, so ist es dennoch oft sachlich und logisch [&hellip;]\n","protected":false},"author":2,"featured_media":0,"comment_status":"closed","ping_status":"closed","sticky":false,"template":"","format":"standard","meta":{"ngg_post_thumbnail":0,"footnotes":""},"categories":[9],"tags":[],"class_list":["post-18011","post","type-post","status-publish","format-standard","hentry","category-vergangenheit-und-gegenwart"],"_links":{"self":[{"href":"https:\/\/www.forum-soegel.de\/information\/wp-json\/wp\/v2\/posts\/18011","targetHints":{"allow":["GET"]}}],"collection":[{"href":"https:\/\/www.forum-soegel.de\/information\/wp-json\/wp\/v2\/posts"}],"about":[{"href":"https:\/\/www.forum-soegel.de\/information\/wp-json\/wp\/v2\/types\/post"}],"author":[{"embeddable":true,"href":"https:\/\/www.forum-soegel.de\/information\/wp-json\/wp\/v2\/users\/2"}],"replies":[{"embeddable":true,"href":"https:\/\/www.forum-soegel.de\/information\/wp-json\/wp\/v2\/comments?post=18011"}],"version-history":[{"count":2,"href":"https:\/\/www.forum-soegel.de\/information\/wp-json\/wp\/v2\/posts\/18011\/revisions"}],"predecessor-version":[{"id":18013,"href":"https:\/\/www.forum-soegel.de\/information\/wp-json\/wp\/v2\/posts\/18011\/revisions\/18013"}],"wp:attachment":[{"href":"https:\/\/www.forum-soegel.de\/information\/wp-json\/wp\/v2\/media?parent=18011"}],"wp:term":[{"taxonomy":"category","embeddable":true,"href":"https:\/\/www.forum-soegel.de\/information\/wp-json\/wp\/v2\/categories?post=18011"},{"taxonomy":"post_tag","embeddable":true,"href":"https:\/\/www.forum-soegel.de\/information\/wp-json\/wp\/v2\/tags?post=18011"}],"curies":[{"name":"wp","href":"https:\/\/api.w.org\/{rel}","templated":true}]}}