{"id":180,"date":"2010-02-05T18:31:19","date_gmt":"2010-02-05T16:31:19","guid":{"rendered":"https:\/\/www.forum-soegel.de\/information\/?p=180"},"modified":"2010-03-17T20:48:46","modified_gmt":"2010-03-17T18:48:46","slug":"groszugige-spende-der-raiffeisenbank","status":"publish","type":"post","link":"https:\/\/www.forum-soegel.de\/information\/2010\/02\/groszugige-spende-der-raiffeisenbank\/","title":{"rendered":"Gro\u00dfz\u00fcgige Spende der Raiffeisenbank"},"content":{"rendered":"<p><!-- \t\t@page { margin: 2cm } \t\tP { margin-bottom: 0.21cm } --><span style=\"font-family: Arial,sans-serif;\"><span style=\"font-size: x-small;\">Die Raiffeisenbank Emsland-Mitte mit Sitz in Klein Ber\u00dfen hat Spenden in H\u00f6he von insgesamt mehr als 18.000 Euro aus den \u00f6rtlichen Zweckertr\u00e4gen der Gewinnspargemeinschaft der Volks- und Raiffeisenbanken an gemeinn\u00fctzige Vereine und kirchliche Einrichtungen aus dem Gesch\u00e4ftsgebiet des Geldinstituts \u00fcbergeben.Im Rahmen einer kleinen Feierstunde wurden im Hotel J\u00e4gerhof in S\u00f6gel die Spenden \u201eoffiziell\u201c \u00fcberreicht.Hans Wolken konnte sich in Gespr\u00e4chen mit den Vereinsvertretern davon \u00fcberzeugen, dass das Geld sinnvoll verwendet wird.<\/span><\/span>\u201e<span style=\"font-family: Arial,sans-serif;\"><span style=\"font-size: x-small;\">Wir sind von der Arbeit, die in unserer Region auf ehrenamtlicher Basis geleistet wird, sehr \u00fcberzeugt und freuen uns, dass wir mit diesen Spenden einen Beitrag dazu leisten k\u00f6nnen, dass diese Arbeit so erfolgreich wie bisher weiter gef\u00fchrt werden kann\u201c, sagte Wolken zu den Anwesenden.<\/span><\/span><\/p>\n<p>Text\/Foto: Ursula Vorholt<\/p>\n<p><span style=\"font-family: Arial,sans-serif;\"><a href=\"https:\/\/www.forum-soegel.de\/information\/wp-content\/uploads\/2010\/02\/Raiba.jpg\"><img loading=\"lazy\" decoding=\"async\" class=\"alignnone size-medium wp-image-1106\" title=\"Raiba\" src=\"https:\/\/www.forum-soegel.de\/information\/wp-content\/uploads\/2010\/02\/Raiba-300x225.jpg\" alt=\"\" width=\"300\" height=\"225\" srcset=\"https:\/\/www.forum-soegel.de\/information\/wp-content\/uploads\/2010\/02\/Raiba-300x225.jpg 300w, https:\/\/www.forum-soegel.de\/information\/wp-content\/uploads\/2010\/02\/Raiba.jpg 1024w\" sizes=\"auto, (max-width: 300px) 100vw, 300px\" \/><\/a><\/span><\/p>\n","protected":false},"excerpt":{"rendered":"Die Raiffeisenbank Emsland-Mitte mit Sitz in Klein Ber\u00dfen hat Spenden in H\u00f6he von insgesamt mehr als 18.000 Euro aus den \u00f6rtlichen Zweckertr\u00e4gen der Gewinnspargemeinschaft der Volks- und Raiffeisenbanken an gemeinn\u00fctzige Vereine und kirchliche Einrichtungen aus dem Gesch\u00e4ftsgebiet des Geldinstituts \u00fcbergeben.Im Rahmen einer kleinen Feierstunde wurden im Hotel J\u00e4gerhof in S\u00f6gel die Spenden \u201eoffiziell\u201c \u00fcberreicht.Hans Wolken [&hellip;]\n","protected":false},"author":2,"featured_media":0,"comment_status":"closed","ping_status":"closed","sticky":false,"template":"","format":"standard","meta":{"ngg_post_thumbnail":0,"footnotes":""},"categories":[4],"tags":[203,220],"class_list":["post-180","post","type-post","status-publish","format-standard","hentry","category-aus-der-geschaftswelt","tag-raiffeisenbank","tag-spende"],"_links":{"self":[{"href":"https:\/\/www.forum-soegel.de\/information\/wp-json\/wp\/v2\/posts\/180","targetHints":{"allow":["GET"]}}],"collection":[{"href":"https:\/\/www.forum-soegel.de\/information\/wp-json\/wp\/v2\/posts"}],"about":[{"href":"https:\/\/www.forum-soegel.de\/information\/wp-json\/wp\/v2\/types\/post"}],"author":[{"embeddable":true,"href":"https:\/\/www.forum-soegel.de\/information\/wp-json\/wp\/v2\/users\/2"}],"replies":[{"embeddable":true,"href":"https:\/\/www.forum-soegel.de\/information\/wp-json\/wp\/v2\/comments?post=180"}],"version-history":[{"count":5,"href":"https:\/\/www.forum-soegel.de\/information\/wp-json\/wp\/v2\/posts\/180\/revisions"}],"predecessor-version":[{"id":182,"href":"https:\/\/www.forum-soegel.de\/information\/wp-json\/wp\/v2\/posts\/180\/revisions\/182"}],"wp:attachment":[{"href":"https:\/\/www.forum-soegel.de\/information\/wp-json\/wp\/v2\/media?parent=180"}],"wp:term":[{"taxonomy":"category","embeddable":true,"href":"https:\/\/www.forum-soegel.de\/information\/wp-json\/wp\/v2\/categories?post=180"},{"taxonomy":"post_tag","embeddable":true,"href":"https:\/\/www.forum-soegel.de\/information\/wp-json\/wp\/v2\/tags?post=180"}],"curies":[{"name":"wp","href":"https:\/\/api.w.org\/{rel}","templated":true}]}}