{"id":17965,"date":"2016-01-01T00:33:32","date_gmt":"2015-12-31T23:33:32","guid":{"rendered":"https:\/\/www.forum-soegel.de\/information\/?p=17965"},"modified":"2015-12-31T18:34:55","modified_gmt":"2015-12-31T17:34:55","slug":"sportabzeichen-leichtathletik-kinder-borger","status":"publish","type":"post","link":"https:\/\/www.forum-soegel.de\/information\/2016\/01\/sportabzeichen-leichtathletik-kinder-borger\/","title":{"rendered":"Sportabzeichen &#8211; Leichtathletik-Kinder-B\u00f6rger"},"content":{"rendered":"<p align=\"left\">B\u00f6rger &#8211; Anni Geers \u00fcberreichte den Kindern im Anschluss an eine Trainingseinheit das Sportabzeichen mit einer kleinen \u00dcberraschung. Sie ermutigte die Kinder auch weiterhin sportlich aktiv zu bleiben. W\u00e4hrend einige Kinder das Abzeichen in der Grundschule B\u00f6rger oder beim\u00a0 Training gemacht haben, konnten wir auch beim Sportabzeichen Tag im Sommer dieses Jahres im Sportpark B\u00f6rger neue Kinder dazugewinnen.<\/p>\n<p align=\"left\">Wir sagen herzlichen Gl\u00fcckwunsch und weiter so!<\/p>\n<p align=\"left\">Text\/Foto: Jens Henzen<\/p>\n<p align=\"left\">\n<div id=\"attachment_17966\" style=\"width: 310px\" class=\"wp-caption alignnone\"><a href=\"https:\/\/www.forum-soegel.de\/information\/wp-content\/uploads\/2015\/12\/Sportabzeichen-Leichtathletik-Kinder-B\u00f6rger.jpg\"><img loading=\"lazy\" decoding=\"async\" aria-describedby=\"caption-attachment-17966\" class=\"size-medium wp-image-17966\" title=\"Sportabzeichen - Leichtathletik-Kinder-B\u00f6rger\" src=\"https:\/\/www.forum-soegel.de\/information\/wp-content\/uploads\/2015\/12\/Sportabzeichen-Leichtathletik-Kinder-B\u00f6rger-300x225.jpg\" alt=\"\" width=\"300\" height=\"225\" srcset=\"https:\/\/www.forum-soegel.de\/information\/wp-content\/uploads\/2015\/12\/Sportabzeichen-Leichtathletik-Kinder-B\u00f6rger-300x225.jpg 300w, https:\/\/www.forum-soegel.de\/information\/wp-content\/uploads\/2015\/12\/Sportabzeichen-Leichtathletik-Kinder-B\u00f6rger.jpg 1024w\" sizes=\"auto, (max-width: 300px) 100vw, 300px\" \/><\/a><p id=\"caption-attachment-17966\" class=\"wp-caption-text\">Wir sind stolz auf das Sportabzeichen.<\/p><\/div>\n","protected":false},"excerpt":{"rendered":"B\u00f6rger &#8211; Anni Geers \u00fcberreichte den Kindern im Anschluss an eine Trainingseinheit das Sportabzeichen mit einer kleinen \u00dcberraschung. Sie ermutigte die Kinder auch weiterhin sportlich aktiv zu bleiben. W\u00e4hrend einige Kinder das Abzeichen in der Grundschule B\u00f6rger oder beim\u00a0 Training gemacht haben, konnten wir auch beim Sportabzeichen Tag im Sommer dieses Jahres im Sportpark B\u00f6rger [&hellip;]\n","protected":false},"author":2,"featured_media":0,"comment_status":"closed","ping_status":"closed","sticky":false,"template":"","format":"standard","meta":{"ngg_post_thumbnail":0,"footnotes":""},"categories":[5],"tags":[],"class_list":["post-17965","post","type-post","status-publish","format-standard","hentry","category-was-machen-die-vereine"],"_links":{"self":[{"href":"https:\/\/www.forum-soegel.de\/information\/wp-json\/wp\/v2\/posts\/17965","targetHints":{"allow":["GET"]}}],"collection":[{"href":"https:\/\/www.forum-soegel.de\/information\/wp-json\/wp\/v2\/posts"}],"about":[{"href":"https:\/\/www.forum-soegel.de\/information\/wp-json\/wp\/v2\/types\/post"}],"author":[{"embeddable":true,"href":"https:\/\/www.forum-soegel.de\/information\/wp-json\/wp\/v2\/users\/2"}],"replies":[{"embeddable":true,"href":"https:\/\/www.forum-soegel.de\/information\/wp-json\/wp\/v2\/comments?post=17965"}],"version-history":[{"count":1,"href":"https:\/\/www.forum-soegel.de\/information\/wp-json\/wp\/v2\/posts\/17965\/revisions"}],"predecessor-version":[{"id":17967,"href":"https:\/\/www.forum-soegel.de\/information\/wp-json\/wp\/v2\/posts\/17965\/revisions\/17967"}],"wp:attachment":[{"href":"https:\/\/www.forum-soegel.de\/information\/wp-json\/wp\/v2\/media?parent=17965"}],"wp:term":[{"taxonomy":"category","embeddable":true,"href":"https:\/\/www.forum-soegel.de\/information\/wp-json\/wp\/v2\/categories?post=17965"},{"taxonomy":"post_tag","embeddable":true,"href":"https:\/\/www.forum-soegel.de\/information\/wp-json\/wp\/v2\/tags?post=17965"}],"curies":[{"name":"wp","href":"https:\/\/api.w.org\/{rel}","templated":true}]}}