{"id":17962,"date":"2016-01-01T00:31:34","date_gmt":"2015-12-31T23:31:34","guid":{"rendered":"https:\/\/www.forum-soegel.de\/information\/?p=17962"},"modified":"2015-12-31T18:33:18","modified_gmt":"2015-12-31T17:33:18","slug":"schnuppertag-in-der-musikakademie","status":"publish","type":"post","link":"https:\/\/www.forum-soegel.de\/information\/2016\/01\/schnuppertag-in-der-musikakademie\/","title":{"rendered":"Schnuppertag in der Musikakademie"},"content":{"rendered":"<p>L\u00e4hden &#8211; Die Musikakademie geht in eine neue Runde. Am Samstag, dem \u00a021.11.2015 veranstaltete die Musikakademie in den R\u00e4umen des Jugendheims L\u00e4hden einen Schnuppertag, um auf den neuen Kurs im Februar aufmerksam zu machen.<br \/>\nDen Kindern \u00a0wurden durch erfahrene Musiker verschiedene Instrumente vorstellt. Diese Instrumente konnten sie \u00a0dann auch \u00a0direkt testen. W\u00e4hrenddessen bekamen die Eltern genaue Informationen \u00fcber Kosten, Ablauf und \u00a0M\u00f6glichkeiten, ein Instrument zu leihen. Nach Aussage der Organisatoren war es ein erfolgreicher Vormittag, insgesamt 25 talentierte Kinder fanden den Weg nach L\u00e4hden.<br \/>\nNat\u00fcrlich k\u00f6nnen sich auch weiterhin Kinder bei den Musikvereinen melden, um an dem neuen Kurs teilzunehmen.<br \/>\nDie Musikakademie ist ein Zusammenschluss der Musikvereine L\u00e4hden, Ber\u00dfen, Holte-Lastrup, Ahmsen, Vinnen und H\u00fcven zur Nachwuchsf\u00f6rderung. Kinder erlernen durch erfahrene Musiklehrer der Musikschule Emsland \u00a0das Spielen eines Blasinstruments. F\u00fcr weitere \u00a0Informationen stehen nat\u00fcrlich die Vereine zur Verf\u00fcgung.<\/p>\n<p>Text\/Foto: Bernd Woesthoff<\/p>\n<p><a href=\"https:\/\/www.forum-soegel.de\/information\/wp-content\/uploads\/2015\/12\/Schnuppertag-in-der-Musikakademie.jpg\"><img loading=\"lazy\" decoding=\"async\" class=\"alignnone size-medium wp-image-17963\" title=\"Schnuppertag in der Musikakademie\" src=\"https:\/\/www.forum-soegel.de\/information\/wp-content\/uploads\/2015\/12\/Schnuppertag-in-der-Musikakademie-300x142.jpg\" alt=\"\" width=\"300\" height=\"142\" srcset=\"https:\/\/www.forum-soegel.de\/information\/wp-content\/uploads\/2015\/12\/Schnuppertag-in-der-Musikakademie-300x142.jpg 300w, https:\/\/www.forum-soegel.de\/information\/wp-content\/uploads\/2015\/12\/Schnuppertag-in-der-Musikakademie.jpg 1024w\" sizes=\"auto, (max-width: 300px) 100vw, 300px\" \/><\/a><\/p>\n","protected":false},"excerpt":{"rendered":"L\u00e4hden &#8211; Die Musikakademie geht in eine neue Runde. Am Samstag, dem \u00a021.11.2015 veranstaltete die Musikakademie in den R\u00e4umen des Jugendheims L\u00e4hden einen Schnuppertag, um auf den neuen Kurs im Februar aufmerksam zu machen. Den Kindern \u00a0wurden durch erfahrene Musiker verschiedene Instrumente vorstellt. Diese Instrumente konnten sie \u00a0dann auch \u00a0direkt testen. W\u00e4hrenddessen bekamen die Eltern [&hellip;]\n","protected":false},"author":2,"featured_media":0,"comment_status":"closed","ping_status":"closed","sticky":false,"template":"","format":"standard","meta":{"ngg_post_thumbnail":0,"footnotes":""},"categories":[5],"tags":[],"class_list":["post-17962","post","type-post","status-publish","format-standard","hentry","category-was-machen-die-vereine"],"_links":{"self":[{"href":"https:\/\/www.forum-soegel.de\/information\/wp-json\/wp\/v2\/posts\/17962","targetHints":{"allow":["GET"]}}],"collection":[{"href":"https:\/\/www.forum-soegel.de\/information\/wp-json\/wp\/v2\/posts"}],"about":[{"href":"https:\/\/www.forum-soegel.de\/information\/wp-json\/wp\/v2\/types\/post"}],"author":[{"embeddable":true,"href":"https:\/\/www.forum-soegel.de\/information\/wp-json\/wp\/v2\/users\/2"}],"replies":[{"embeddable":true,"href":"https:\/\/www.forum-soegel.de\/information\/wp-json\/wp\/v2\/comments?post=17962"}],"version-history":[{"count":1,"href":"https:\/\/www.forum-soegel.de\/information\/wp-json\/wp\/v2\/posts\/17962\/revisions"}],"predecessor-version":[{"id":17964,"href":"https:\/\/www.forum-soegel.de\/information\/wp-json\/wp\/v2\/posts\/17962\/revisions\/17964"}],"wp:attachment":[{"href":"https:\/\/www.forum-soegel.de\/information\/wp-json\/wp\/v2\/media?parent=17962"}],"wp:term":[{"taxonomy":"category","embeddable":true,"href":"https:\/\/www.forum-soegel.de\/information\/wp-json\/wp\/v2\/categories?post=17962"},{"taxonomy":"post_tag","embeddable":true,"href":"https:\/\/www.forum-soegel.de\/information\/wp-json\/wp\/v2\/tags?post=17962"}],"curies":[{"name":"wp","href":"https:\/\/api.w.org\/{rel}","templated":true}]}}