{"id":17952,"date":"2016-01-01T00:25:30","date_gmt":"2015-12-31T23:25:30","guid":{"rendered":"https:\/\/www.forum-soegel.de\/information\/?p=17952"},"modified":"2015-12-31T18:26:51","modified_gmt":"2015-12-31T17:26:51","slug":"e-jugendmannschaft-des-sv-stavern-mit-neuen-trainingsanzugen","status":"publish","type":"post","link":"https:\/\/www.forum-soegel.de\/information\/2016\/01\/e-jugendmannschaft-des-sv-stavern-mit-neuen-trainingsanzugen\/","title":{"rendered":"E-Jugendmannschaft des SV Stavern mit neuen Trainingsanz\u00fcgen"},"content":{"rendered":"<p>Stavern &#8211; \u00dcber ein neues Outfit durften sich die Spielerinnen und Spieler der E-Jugend des SV Stavern freuen. Der Gesch\u00e4ftsf\u00fchrer der Firma S &amp; S Dreh- und Bearbeitungstechnik GmbH aus Werlte, Veit Spille, \u00fcberreichte die neuen Anz\u00fcge an die jungen Kicker. Rainer Schuckenbrock und Simone Suren-Schmits bedankten sich mit der Mannschaft mit einem gro\u00dfen Blumenstrau\u00df beim Spender.<\/p>\n<p>Text\/Foto: Gerd Rode<\/p>\n<div id=\"attachment_17953\" style=\"width: 310px\" class=\"wp-caption alignnone\"><a href=\"https:\/\/www.forum-soegel.de\/information\/wp-content\/uploads\/2015\/12\/E-Jugendmannschaft-des-SV-Stavern-mit-neuen-Trainingsanz\u00fcgen.jpg\"><img loading=\"lazy\" decoding=\"async\" aria-describedby=\"caption-attachment-17953\" class=\"size-medium wp-image-17953\" title=\"E-Jugendmannschaft des SV Stavern mit neuen Trainingsanz\u00fcgen\" src=\"https:\/\/www.forum-soegel.de\/information\/wp-content\/uploads\/2015\/12\/E-Jugendmannschaft-des-SV-Stavern-mit-neuen-Trainingsanz\u00fcgen-300x200.jpg\" alt=\"\" width=\"300\" height=\"200\" srcset=\"https:\/\/www.forum-soegel.de\/information\/wp-content\/uploads\/2015\/12\/E-Jugendmannschaft-des-SV-Stavern-mit-neuen-Trainingsanz\u00fcgen-300x200.jpg 300w, https:\/\/www.forum-soegel.de\/information\/wp-content\/uploads\/2015\/12\/E-Jugendmannschaft-des-SV-Stavern-mit-neuen-Trainingsanz\u00fcgen.jpg 1024w\" sizes=\"auto, (max-width: 300px) 100vw, 300px\" \/><\/a><p id=\"caption-attachment-17953\" class=\"wp-caption-text\">Die jungen Kicker mit ihren Betreuern und dem Spender (links im Bild) Veit Spille<\/p><\/div>\n","protected":false},"excerpt":{"rendered":"Stavern &#8211; \u00dcber ein neues Outfit durften sich die Spielerinnen und Spieler der E-Jugend des SV Stavern freuen. Der Gesch\u00e4ftsf\u00fchrer der Firma S &amp; S Dreh- und Bearbeitungstechnik GmbH aus Werlte, Veit Spille, \u00fcberreichte die neuen Anz\u00fcge an die jungen Kicker. Rainer Schuckenbrock und Simone Suren-Schmits bedankten sich mit der Mannschaft mit einem gro\u00dfen Blumenstrau\u00df [&hellip;]\n","protected":false},"author":2,"featured_media":0,"comment_status":"closed","ping_status":"closed","sticky":false,"template":"","format":"standard","meta":{"ngg_post_thumbnail":0,"footnotes":""},"categories":[5],"tags":[],"class_list":["post-17952","post","type-post","status-publish","format-standard","hentry","category-was-machen-die-vereine"],"_links":{"self":[{"href":"https:\/\/www.forum-soegel.de\/information\/wp-json\/wp\/v2\/posts\/17952","targetHints":{"allow":["GET"]}}],"collection":[{"href":"https:\/\/www.forum-soegel.de\/information\/wp-json\/wp\/v2\/posts"}],"about":[{"href":"https:\/\/www.forum-soegel.de\/information\/wp-json\/wp\/v2\/types\/post"}],"author":[{"embeddable":true,"href":"https:\/\/www.forum-soegel.de\/information\/wp-json\/wp\/v2\/users\/2"}],"replies":[{"embeddable":true,"href":"https:\/\/www.forum-soegel.de\/information\/wp-json\/wp\/v2\/comments?post=17952"}],"version-history":[{"count":1,"href":"https:\/\/www.forum-soegel.de\/information\/wp-json\/wp\/v2\/posts\/17952\/revisions"}],"predecessor-version":[{"id":17954,"href":"https:\/\/www.forum-soegel.de\/information\/wp-json\/wp\/v2\/posts\/17952\/revisions\/17954"}],"wp:attachment":[{"href":"https:\/\/www.forum-soegel.de\/information\/wp-json\/wp\/v2\/media?parent=17952"}],"wp:term":[{"taxonomy":"category","embeddable":true,"href":"https:\/\/www.forum-soegel.de\/information\/wp-json\/wp\/v2\/categories?post=17952"},{"taxonomy":"post_tag","embeddable":true,"href":"https:\/\/www.forum-soegel.de\/information\/wp-json\/wp\/v2\/tags?post=17952"}],"curies":[{"name":"wp","href":"https:\/\/api.w.org\/{rel}","templated":true}]}}