{"id":17945,"date":"2016-01-01T00:22:06","date_gmt":"2015-12-31T23:22:06","guid":{"rendered":"https:\/\/www.forum-soegel.de\/information\/?p=17945"},"modified":"2015-12-31T18:23:17","modified_gmt":"2015-12-31T17:23:17","slug":"%e2%80%9eauch-jesus-war-ein-fluchtling%e2%80%9c","status":"publish","type":"post","link":"https:\/\/www.forum-soegel.de\/information\/2016\/01\/%e2%80%9eauch-jesus-war-ein-fluchtling%e2%80%9c\/","title":{"rendered":"\u201eAuch Jesus war ein Fl\u00fcchtling\u201c"},"content":{"rendered":"<p>S\u00f6gel &#8211; Diesmal ohne Gl\u00fchwein oder Punsch pr\u00e4sentierte sich das FORUM S\u00f6gel auf dem Weihnachtsmarkt am ersten Adventswochenende. Er stand unter dem Motto \u201eMarkt der Begegnung\u201c. Dieses Motto und nat\u00fcrlich der aktuelle Hintergrund der Fl\u00fcchtlingssituation veranlassten den Vorstand des FORUMs, einen Informationsstand zu gestalten, der zur Aufkl\u00e4rung und Versachlichung der Diskussion zum Thema \u201eFlucht und Asyl\u201c beitragen sollte. \u201eSo etwas geh\u00f6rt doch nicht auf einen Weihnachtsmarkt!\u201c, war bisweilen als Reaktion zu h\u00f6ren.<\/p>\n<p>Und gerade doch. Durch biblische Zitate (die Flucht nach \u00c4gypten), durch entsprechende Gedichte und Weihnachten als Fest der Liebe wurde der Bezug zur Adventszeit deutlich herausgestellt. Inhaltlich zeigte der Stand die aktuelle Fl\u00fcchtlingssituation im Ort auf, wo zur Zeit 91 Fl\u00fcchtlinge aufgenommen wurden. Die Darstellung der Zust\u00e4nde in den Herkunftsl\u00e4ndern, der Ursachen f\u00fcr die Flucht und weiterer Aspekte. trugen dazu bei, die Besucher sachlich zu informieren. Ganz wichtig erschien auch ein R\u00fcckblick in die Geschichte vergangener Fl\u00fcchtlingsbewegungen. Dazu wurde eigens eine Brosch\u00fcre erstellt. Nach dem II. Weltkrieg sowie in der Zeit von 1992 bis 2003 umfasste die Zahl der Fl\u00fcchtlinge und Sp\u00e4taussiedler in S\u00f6gel jeweils 20 Prozent der Einwohnerzahl. Durch enormes Engagement aller Seiten war es seinerzeit m\u00f6glich, die Integration zu meistern. \u201eWir schaffen das!\u201c \u00a0Wer kennt es nicht, dieses Zitat der Bundeskanzlerin. Was damals geschafft wurde, warum sollte es heute nicht gelingen?<\/p>\n<p>Text: Bernd Eggert \/ Foto: Hermann Wichmann<\/p>\n<p><a href=\"https:\/\/www.forum-soegel.de\/information\/wp-content\/uploads\/2015\/12\/Auch-Jesus-war-ein-Fl\u00fcchtling.jpg\"><img loading=\"lazy\" decoding=\"async\" class=\"alignnone size-medium wp-image-17946\" title=\"Auch Jesus war ein Fl\u00fcchtling\" src=\"https:\/\/www.forum-soegel.de\/information\/wp-content\/uploads\/2015\/12\/Auch-Jesus-war-ein-Fl\u00fcchtling-300x166.jpg\" alt=\"\" width=\"300\" height=\"166\" srcset=\"https:\/\/www.forum-soegel.de\/information\/wp-content\/uploads\/2015\/12\/Auch-Jesus-war-ein-Fl\u00fcchtling-300x166.jpg 300w, https:\/\/www.forum-soegel.de\/information\/wp-content\/uploads\/2015\/12\/Auch-Jesus-war-ein-Fl\u00fcchtling.jpg 1024w\" sizes=\"auto, (max-width: 300px) 100vw, 300px\" \/><\/a><\/p>\n","protected":false},"excerpt":{"rendered":"S\u00f6gel &#8211; Diesmal ohne Gl\u00fchwein oder Punsch pr\u00e4sentierte sich das FORUM S\u00f6gel auf dem Weihnachtsmarkt am ersten Adventswochenende. Er stand unter dem Motto \u201eMarkt der Begegnung\u201c. Dieses Motto und nat\u00fcrlich der aktuelle Hintergrund der Fl\u00fcchtlingssituation veranlassten den Vorstand des FORUMs, einen Informationsstand zu gestalten, der zur Aufkl\u00e4rung und Versachlichung der Diskussion zum Thema \u201eFlucht und [&hellip;]\n","protected":false},"author":2,"featured_media":0,"comment_status":"closed","ping_status":"closed","sticky":false,"template":"","format":"standard","meta":{"ngg_post_thumbnail":0,"footnotes":""},"categories":[5],"tags":[],"class_list":["post-17945","post","type-post","status-publish","format-standard","hentry","category-was-machen-die-vereine"],"_links":{"self":[{"href":"https:\/\/www.forum-soegel.de\/information\/wp-json\/wp\/v2\/posts\/17945","targetHints":{"allow":["GET"]}}],"collection":[{"href":"https:\/\/www.forum-soegel.de\/information\/wp-json\/wp\/v2\/posts"}],"about":[{"href":"https:\/\/www.forum-soegel.de\/information\/wp-json\/wp\/v2\/types\/post"}],"author":[{"embeddable":true,"href":"https:\/\/www.forum-soegel.de\/information\/wp-json\/wp\/v2\/users\/2"}],"replies":[{"embeddable":true,"href":"https:\/\/www.forum-soegel.de\/information\/wp-json\/wp\/v2\/comments?post=17945"}],"version-history":[{"count":1,"href":"https:\/\/www.forum-soegel.de\/information\/wp-json\/wp\/v2\/posts\/17945\/revisions"}],"predecessor-version":[{"id":17947,"href":"https:\/\/www.forum-soegel.de\/information\/wp-json\/wp\/v2\/posts\/17945\/revisions\/17947"}],"wp:attachment":[{"href":"https:\/\/www.forum-soegel.de\/information\/wp-json\/wp\/v2\/media?parent=17945"}],"wp:term":[{"taxonomy":"category","embeddable":true,"href":"https:\/\/www.forum-soegel.de\/information\/wp-json\/wp\/v2\/categories?post=17945"},{"taxonomy":"post_tag","embeddable":true,"href":"https:\/\/www.forum-soegel.de\/information\/wp-json\/wp\/v2\/tags?post=17945"}],"curies":[{"name":"wp","href":"https:\/\/api.w.org\/{rel}","templated":true}]}}