{"id":17938,"date":"2016-01-01T00:18:29","date_gmt":"2015-12-31T23:18:29","guid":{"rendered":"https:\/\/www.forum-soegel.de\/information\/?p=17938"},"modified":"2015-12-31T18:20:08","modified_gmt":"2015-12-31T17:20:08","slug":"adventssingen-der-kinder-in-spahnharrenstatte","status":"publish","type":"post","link":"https:\/\/www.forum-soegel.de\/information\/2016\/01\/adventssingen-der-kinder-in-spahnharrenstatte\/","title":{"rendered":"Adventssingen der Kinder in Spahnharrenst\u00e4tte"},"content":{"rendered":"<p>Spahnharrenst\u00e4tte &#8211; Am 1. Adventssamstag fand in Spahnharrenst\u00e4tte wieder das mittlerweile traditionelle Adventssingen der Kinder statt. \u00dcber drei\u00dfig Kinder sind der Einladung des Chors \u201eImTakt\u201c gefolgt und haben am Nachmittag neue und alte Lieder einge\u00fcbt. In der Vorabendmesse wurden die Lieder dann vorgetragen und es fand ein Abschluss auf dem Lichterfest des HGV\u00b4s statt.<\/p>\n<p>Es war ein gelungener Einstieg in den Advent. Im n\u00e4chsten Jahr findet das Adventssingen zum 20. Mal statt.<\/p>\n<p>Text: Karin Freese \/ Foto: Christine Stevens<\/p>\n<p><a href=\"https:\/\/www.forum-soegel.de\/information\/wp-content\/uploads\/2015\/12\/Adventssingen-der-Kinder-in-Spahnharrenst\u00e4tte1.jpg\"><img loading=\"lazy\" decoding=\"async\" class=\"alignnone size-thumbnail wp-image-17939\" title=\"Adventssingen der Kinder in Spahnharrenst\u00e4tte1\" src=\"https:\/\/www.forum-soegel.de\/information\/wp-content\/uploads\/2015\/12\/Adventssingen-der-Kinder-in-Spahnharrenst\u00e4tte1-150x150.jpg\" alt=\"\" width=\"150\" height=\"150\" \/><\/a>\u00a0\u00a0<a href=\"https:\/\/www.forum-soegel.de\/information\/wp-content\/uploads\/2015\/12\/Adventssingen-der-Kinder-in-Spahnharrenst\u00e4tte2.jpg\"><img loading=\"lazy\" decoding=\"async\" class=\"alignnone size-thumbnail wp-image-17940\" title=\"Adventssingen der Kinder in Spahnharrenst\u00e4tte2\" src=\"https:\/\/www.forum-soegel.de\/information\/wp-content\/uploads\/2015\/12\/Adventssingen-der-Kinder-in-Spahnharrenst\u00e4tte2-150x150.jpg\" alt=\"\" width=\"150\" height=\"150\" \/><\/a><\/p>\n<p>&nbsp;<\/p>\n","protected":false},"excerpt":{"rendered":"Spahnharrenst\u00e4tte &#8211; Am 1. Adventssamstag fand in Spahnharrenst\u00e4tte wieder das mittlerweile traditionelle Adventssingen der Kinder statt. \u00dcber drei\u00dfig Kinder sind der Einladung des Chors \u201eImTakt\u201c gefolgt und haben am Nachmittag neue und alte Lieder einge\u00fcbt. In der Vorabendmesse wurden die Lieder dann vorgetragen und es fand ein Abschluss auf dem Lichterfest des HGV\u00b4s statt. Es [&hellip;]\n","protected":false},"author":2,"featured_media":0,"comment_status":"closed","ping_status":"closed","sticky":false,"template":"","format":"standard","meta":{"ngg_post_thumbnail":0,"footnotes":""},"categories":[5],"tags":[],"class_list":["post-17938","post","type-post","status-publish","format-standard","hentry","category-was-machen-die-vereine"],"_links":{"self":[{"href":"https:\/\/www.forum-soegel.de\/information\/wp-json\/wp\/v2\/posts\/17938","targetHints":{"allow":["GET"]}}],"collection":[{"href":"https:\/\/www.forum-soegel.de\/information\/wp-json\/wp\/v2\/posts"}],"about":[{"href":"https:\/\/www.forum-soegel.de\/information\/wp-json\/wp\/v2\/types\/post"}],"author":[{"embeddable":true,"href":"https:\/\/www.forum-soegel.de\/information\/wp-json\/wp\/v2\/users\/2"}],"replies":[{"embeddable":true,"href":"https:\/\/www.forum-soegel.de\/information\/wp-json\/wp\/v2\/comments?post=17938"}],"version-history":[{"count":1,"href":"https:\/\/www.forum-soegel.de\/information\/wp-json\/wp\/v2\/posts\/17938\/revisions"}],"predecessor-version":[{"id":17941,"href":"https:\/\/www.forum-soegel.de\/information\/wp-json\/wp\/v2\/posts\/17938\/revisions\/17941"}],"wp:attachment":[{"href":"https:\/\/www.forum-soegel.de\/information\/wp-json\/wp\/v2\/media?parent=17938"}],"wp:term":[{"taxonomy":"category","embeddable":true,"href":"https:\/\/www.forum-soegel.de\/information\/wp-json\/wp\/v2\/categories?post=17938"},{"taxonomy":"post_tag","embeddable":true,"href":"https:\/\/www.forum-soegel.de\/information\/wp-json\/wp\/v2\/tags?post=17938"}],"curies":[{"name":"wp","href":"https:\/\/api.w.org\/{rel}","templated":true}]}}