{"id":17931,"date":"2016-01-01T00:13:27","date_gmt":"2015-12-31T23:13:27","guid":{"rendered":"https:\/\/www.forum-soegel.de\/information\/?p=17931"},"modified":"2015-12-31T18:15:42","modified_gmt":"2015-12-31T17:15:42","slug":"leidenschaft-fur-sattel","status":"publish","type":"post","link":"https:\/\/www.forum-soegel.de\/information\/2016\/01\/leidenschaft-fur-sattel\/","title":{"rendered":"Leidenschaft f\u00fcr S\u00e4ttel"},"content":{"rendered":"<p><a href=\"https:\/\/www.forum-soegel.de\/information\/wp-content\/uploads\/2015\/12\/Leidenschaft-f\u00fcr-S\u00e4ttel2.jpg\"><img loading=\"lazy\" decoding=\"async\" class=\"alignleft size-medium wp-image-17932\" title=\"Leidenschaft f\u00fcr S\u00e4ttel2\" src=\"https:\/\/www.forum-soegel.de\/information\/wp-content\/uploads\/2015\/12\/Leidenschaft-f\u00fcr-S\u00e4ttel2-300x169.jpg\" alt=\"\" width=\"300\" height=\"169\" srcset=\"https:\/\/www.forum-soegel.de\/information\/wp-content\/uploads\/2015\/12\/Leidenschaft-f\u00fcr-S\u00e4ttel2-300x169.jpg 300w, https:\/\/www.forum-soegel.de\/information\/wp-content\/uploads\/2015\/12\/Leidenschaft-f\u00fcr-S\u00e4ttel2.jpg 1024w\" sizes=\"auto, (max-width: 300px) 100vw, 300px\" \/><\/a>Stavern &#8211; Cornelia (Neel) Gottschald aus Stavern ist gelernte Sattelanpasserin (Master Saddlefitter). Ihre Leidenschaft sind S\u00e4ttel f\u00fcr Islandpferde. F\u00fcnf Isl\u00e4nder darf sie ihr eigen nennen, diese h\u00e4lt sie mit Gerard Haring auf einem ehemalig landwirtschaftlich genutzten Geh\u00f6ft in Stavern.<\/p>\n<p>\u201eUnsere S\u00e4ttel sind mit viel Liebe zum Detail handgefertigt von einer speziellen Sattlerei in England. Die S\u00e4ttel sind kleine Kunstwerke. Jeder Kunde kann seinen individuellen Geschmack einbringen. Dabei bestimmt er das zu verwendende Leder und verschiedene Farbabstufungen.\u201c Viel wichtiger sei jedoch die richtige Passform f\u00fcr das jeweilige Islandpferd und die Gebrauchseigenschaften.<\/p>\n<p>Neels gr\u00f6\u00dfter Wunsch schon als Kind war ein eigenes Pferd, den sie sich jedoch erst mit 28 Jahren verwirklichen konnte. Da entwickelte sich auch ihre Zuneigung zu Islandpferden. Von Anfang an war sie jedoch mit dem Sattel ihres ersten Pferdes nie so recht zufrieden. So kam sie dazu, sich f\u00fcr die verschiedenen Herstellungsarten von S\u00e4tteln zu interessieren. Daraus wurde erst ein Hobby, anschlie\u00dfend ein Beruf. \u00dcber ein Jahr lang hat sie in den Niederlanden die Ausbildung zum \u201ezadelpasser\u201c gemacht. Zwischenzeitlich hat sie einen Kundenstamm in den Niederlanden und ganz Deutschland aufbauen k\u00f6nnen, so dass sie unter der Firmierung \u201ePRYDI\u201c in 2008 ein eigenes Gesch\u00e4ft gr\u00fcnden konnte.<\/p>\n<p>\u201eIch habe lange nach der perfekten Herstellungsweise gesucht. In enger Zusammenarbeit mit einem der besten Sattlereien in England hat sich bei mir nun ein Sattel-Modell etabliert, welches allen modernen Anforderungen entspricht. Insbesondere die Passform auf dem Pferd, die Freiheit des Pferdes, gepaart mit dem Komfort des Reiters und dem richtigen Sitzschwerpunkt, sind mir wichtig\u201c, so Neel. Unpassende S\u00e4ttel k\u00f6nnen beim Pferd zu R\u00fcckenleiden und anderen Problemen f\u00fchren sowie auch zu schlechtem Verhalten. Oft f\u00fchren sich Pferde auf, um auf Schmerz oder Unbequemlichkeit aufmerksam zu machen, wei\u00df die mittlerweile erfahrene Reiterin.\u00a0 Falls es den Anschein mache, als sei dies der Fall, r\u00e4t sie zu einer professionellen Begutachtung von Pferd und Sattel. \u201eAuf Dauer einen Sattel zu verwenden, der nicht richtig passt, kann zu ernsthaften Erkrankungen des Pferdes f\u00fchren\u201c, erkl\u00e4rte Neel. Ihr helfen dabei ihre Kenntnisse in der \u00a0Anatomie und Biomechanik des Pferdes. So kann sie mit diesem Wissen die richtige Sattellage genau bestimmen. Die Kammerweite des Sattels wird direkt am Pferde gemessen. Danach fertigt Neel Schablonen an. Diese Ma\u00dfe gibt sie an die Sattlerei weiter, die den Sattel dann nach ihren Angaben mit den Farb- und Lederw\u00fcnschen des Kunden anfertigt. Kissenf\u00fcllung und Kniepauschen werden ebenfalls mit dem Reiter abgestimmt. Dieses immer perfekt hinzubekommen, ist Neels Motivation. So schlie\u00dft sie dann auch mit dem Satz: \u201eS\u00e4ttel sind meine Leidenschaft.\u201c<\/p>\n<p>Gerard Haring teilt die Leidenschaft f\u00fcr Islandpferde. Er hat allerdings erst in sp\u00e4teren Jahren das Reiten erlernt, was ihm aber bis heute t\u00e4glich Spa\u00df macht. Als Hobby-Techniker fertigt er aus gebrauchten Hufeisen u.a. Brennk\u00f6rbe an.<\/p>\n<p>Text\/Fotos: Ingrid Cloppenburg<\/p>\n<p><a href=\"https:\/\/www.forum-soegel.de\/information\/wp-content\/uploads\/2015\/12\/Leidenschaft-f\u00fcr-S\u00e4ttel1.jpg\"><img loading=\"lazy\" decoding=\"async\" class=\"alignnone size-medium wp-image-17933\" title=\"Leidenschaft f\u00fcr S\u00e4ttel1\" src=\"https:\/\/www.forum-soegel.de\/information\/wp-content\/uploads\/2015\/12\/Leidenschaft-f\u00fcr-S\u00e4ttel1-300x169.jpg\" alt=\"\" width=\"300\" height=\"169\" srcset=\"https:\/\/www.forum-soegel.de\/information\/wp-content\/uploads\/2015\/12\/Leidenschaft-f\u00fcr-S\u00e4ttel1-300x169.jpg 300w, https:\/\/www.forum-soegel.de\/information\/wp-content\/uploads\/2015\/12\/Leidenschaft-f\u00fcr-S\u00e4ttel1.jpg 1024w\" sizes=\"auto, (max-width: 300px) 100vw, 300px\" \/><\/a><\/p>\n","protected":false},"excerpt":{"rendered":"Stavern &#8211; Cornelia (Neel) Gottschald aus Stavern ist gelernte Sattelanpasserin (Master Saddlefitter). Ihre Leidenschaft sind S\u00e4ttel f\u00fcr Islandpferde. F\u00fcnf Isl\u00e4nder darf sie ihr eigen nennen, diese h\u00e4lt sie mit Gerard Haring auf einem ehemalig landwirtschaftlich genutzten Geh\u00f6ft in Stavern. \u201eUnsere S\u00e4ttel sind mit viel Liebe zum Detail handgefertigt von einer speziellen Sattlerei in England. Die [&hellip;]\n","protected":false},"author":2,"featured_media":0,"comment_status":"closed","ping_status":"closed","sticky":false,"template":"","format":"standard","meta":{"ngg_post_thumbnail":0,"footnotes":""},"categories":[4],"tags":[],"class_list":["post-17931","post","type-post","status-publish","format-standard","hentry","category-aus-der-geschaftswelt"],"_links":{"self":[{"href":"https:\/\/www.forum-soegel.de\/information\/wp-json\/wp\/v2\/posts\/17931","targetHints":{"allow":["GET"]}}],"collection":[{"href":"https:\/\/www.forum-soegel.de\/information\/wp-json\/wp\/v2\/posts"}],"about":[{"href":"https:\/\/www.forum-soegel.de\/information\/wp-json\/wp\/v2\/types\/post"}],"author":[{"embeddable":true,"href":"https:\/\/www.forum-soegel.de\/information\/wp-json\/wp\/v2\/users\/2"}],"replies":[{"embeddable":true,"href":"https:\/\/www.forum-soegel.de\/information\/wp-json\/wp\/v2\/comments?post=17931"}],"version-history":[{"count":1,"href":"https:\/\/www.forum-soegel.de\/information\/wp-json\/wp\/v2\/posts\/17931\/revisions"}],"predecessor-version":[{"id":17934,"href":"https:\/\/www.forum-soegel.de\/information\/wp-json\/wp\/v2\/posts\/17931\/revisions\/17934"}],"wp:attachment":[{"href":"https:\/\/www.forum-soegel.de\/information\/wp-json\/wp\/v2\/media?parent=17931"}],"wp:term":[{"taxonomy":"category","embeddable":true,"href":"https:\/\/www.forum-soegel.de\/information\/wp-json\/wp\/v2\/categories?post=17931"},{"taxonomy":"post_tag","embeddable":true,"href":"https:\/\/www.forum-soegel.de\/information\/wp-json\/wp\/v2\/tags?post=17931"}],"curies":[{"name":"wp","href":"https:\/\/api.w.org\/{rel}","templated":true}]}}