{"id":17927,"date":"2016-01-01T00:10:55","date_gmt":"2015-12-31T23:10:55","guid":{"rendered":"https:\/\/www.forum-soegel.de\/information\/?p=17927"},"modified":"2015-12-31T18:12:59","modified_gmt":"2015-12-31T17:12:59","slug":"2-000-euro-fur-kinder-in-not","status":"publish","type":"post","link":"https:\/\/www.forum-soegel.de\/information\/2016\/01\/2-000-euro-fur-kinder-in-not\/","title":{"rendered":"2.000 Euro f\u00fcr Kinder in Not"},"content":{"rendered":"<p>S\u00f6gel &#8211; Passend zur Vorweihnachtszeit hat proWin-Vertriebsleiterin Maria Wester-Hinrichs einen Spendenscheck in H\u00f6he von 2.000 Euro an den Verein Bauchgef\u00fchl e.V. in S\u00f6gel \u00fcberreichen k\u00f6nnen. Vereinsvorsitzender Max Steuber nahm den Scheck dankend entgegen. Zweck des Vereins sei, so Steuber, die ideelle und materielle Unterst\u00fctzung von Kindern, Jugendlichen und Heranwachsenden aus sozial benachteiligten Familien zur F\u00f6rderung ihrer Erziehung, Bildung und Teilhabe am Gemeinschaftsleben. \u201eMeine Wahl f\u00fcr den Spendenempf\u00e4nger stand sofort fest\u201c, sagte Wester-Hinrichs. \u201eMit dieser Zuwendung k\u00f6nnen wir Kindern unserer Region etwas mehr Freude in der Weihnachtszeit erm\u00f6glichen.\u201c Erzielt wurde diese Summe f\u00fcr hilfsbed\u00fcrftige Kinder im Rahmen eines ProWIN-Wettbewerbes. \u201eZuerst der Mensch\u201c ist unser Firmenslogan, so Wester-Hinrichs. \u201eIn diesem Sinne freuen wir uns besonders, dass wir heute wieder etwas zur\u00fcckgeben k\u00f6nnen. Das Geld haben wir bei unseren Charity Days f\u00fcr Kinder in Not zusammen bekommen. Darauf sind wir schon ein bisschen stolz!\u201c.<\/p>\n<p>Text\/Foto: Ingrid Cloppenburg<\/p>\n<p><a href=\"https:\/\/www.forum-soegel.de\/information\/wp-content\/uploads\/2015\/12\/2.000-Euro-f\u00fcr-Kinder-in-Not.jpg\"><img loading=\"lazy\" decoding=\"async\" class=\"alignnone size-medium wp-image-17929\" title=\"2.000 Euro f\u00fcr Kinder in Not\" src=\"https:\/\/www.forum-soegel.de\/information\/wp-content\/uploads\/2015\/12\/2.000-Euro-f\u00fcr-Kinder-in-Not-279x300.jpg\" alt=\"\" width=\"279\" height=\"300\" srcset=\"https:\/\/www.forum-soegel.de\/information\/wp-content\/uploads\/2015\/12\/2.000-Euro-f\u00fcr-Kinder-in-Not-279x300.jpg 279w, https:\/\/www.forum-soegel.de\/information\/wp-content\/uploads\/2015\/12\/2.000-Euro-f\u00fcr-Kinder-in-Not.jpg 716w\" sizes=\"auto, (max-width: 279px) 100vw, 279px\" \/><\/a><\/p>\n<p>&nbsp;<\/p>\n","protected":false},"excerpt":{"rendered":"S\u00f6gel &#8211; Passend zur Vorweihnachtszeit hat proWin-Vertriebsleiterin Maria Wester-Hinrichs einen Spendenscheck in H\u00f6he von 2.000 Euro an den Verein Bauchgef\u00fchl e.V. in S\u00f6gel \u00fcberreichen k\u00f6nnen. Vereinsvorsitzender Max Steuber nahm den Scheck dankend entgegen. Zweck des Vereins sei, so Steuber, die ideelle und materielle Unterst\u00fctzung von Kindern, Jugendlichen und Heranwachsenden aus sozial benachteiligten Familien zur F\u00f6rderung [&hellip;]\n","protected":false},"author":2,"featured_media":0,"comment_status":"closed","ping_status":"closed","sticky":false,"template":"","format":"standard","meta":{"ngg_post_thumbnail":0,"footnotes":""},"categories":[4],"tags":[],"class_list":["post-17927","post","type-post","status-publish","format-standard","hentry","category-aus-der-geschaftswelt"],"_links":{"self":[{"href":"https:\/\/www.forum-soegel.de\/information\/wp-json\/wp\/v2\/posts\/17927","targetHints":{"allow":["GET"]}}],"collection":[{"href":"https:\/\/www.forum-soegel.de\/information\/wp-json\/wp\/v2\/posts"}],"about":[{"href":"https:\/\/www.forum-soegel.de\/information\/wp-json\/wp\/v2\/types\/post"}],"author":[{"embeddable":true,"href":"https:\/\/www.forum-soegel.de\/information\/wp-json\/wp\/v2\/users\/2"}],"replies":[{"embeddable":true,"href":"https:\/\/www.forum-soegel.de\/information\/wp-json\/wp\/v2\/comments?post=17927"}],"version-history":[{"count":1,"href":"https:\/\/www.forum-soegel.de\/information\/wp-json\/wp\/v2\/posts\/17927\/revisions"}],"predecessor-version":[{"id":17930,"href":"https:\/\/www.forum-soegel.de\/information\/wp-json\/wp\/v2\/posts\/17927\/revisions\/17930"}],"wp:attachment":[{"href":"https:\/\/www.forum-soegel.de\/information\/wp-json\/wp\/v2\/media?parent=17927"}],"wp:term":[{"taxonomy":"category","embeddable":true,"href":"https:\/\/www.forum-soegel.de\/information\/wp-json\/wp\/v2\/categories?post=17927"},{"taxonomy":"post_tag","embeddable":true,"href":"https:\/\/www.forum-soegel.de\/information\/wp-json\/wp\/v2\/tags?post=17927"}],"curies":[{"name":"wp","href":"https:\/\/api.w.org\/{rel}","templated":true}]}}