{"id":17920,"date":"2016-01-01T00:07:27","date_gmt":"2015-12-31T23:07:27","guid":{"rendered":"https:\/\/www.forum-soegel.de\/information\/?p=17920"},"modified":"2015-12-31T18:08:42","modified_gmt":"2015-12-31T17:08:42","slug":"nacht-der-offenen-kirche-in-sogel-du-bist-am-zug-abfahren-und-sich-auf-den-weg-machen","status":"publish","type":"post","link":"https:\/\/www.forum-soegel.de\/information\/2016\/01\/nacht-der-offenen-kirche-in-sogel-du-bist-am-zug-abfahren-und-sich-auf-den-weg-machen\/","title":{"rendered":"Nacht der offenen Kirche in S\u00f6gel &#8211;  Du bist am Zug &#8211; Abfahren und sich auf den Weg machen"},"content":{"rendered":"<p>S\u00f6gel &#8211; Zur Vorabendmesse, die als Roratemesse\u00a0 zum 1. Advent \u00a0gestaltet wurde, hatte die Katholische Jugend S\u00f6gel (KKS)\u00a0 im\u00a0 Eingangsbereich der St. Jakobus-Kirche\u00a0\u00a0 einen Bahnschalter aufgebaut, von dem aus sie die Gottesdienstbesucher beim Eintritt in die Kirche herzlich begr\u00fc\u00dfte und ihnen eine\u00a0 Fahrkarte f\u00fcr eine Bahnfahrt in Richtung \u201eWeihnachten\u201c \u00fcberreichte. \u201eDu bist am Zug\u201c, war das Thema des Gottesdienstes und zog sich auch wie ein roter Faden durch die anschlie\u00dfende \u201eNacht der offenen Kirche\u201c, zu der die Jugendlichen wie folgt einluden. \u00a0\u201eSteigen Sie ein in den Zug, der Sie in Richtung Weihnachten f\u00e4hrt. Noch ist Zeit, um 19.30 Uhr f\u00e4hrt er ab\u201c, hie\u00df es.<\/p>\n<p>So war dann allein schon die stimmungsvoll bunt beleuchtete Kirche einen Besuch wert. An gro\u00dfen Leinw\u00e4nden wurde ein fahrender Zug gezeigt, untermalt von meditativer Musik. Die Besucher machten Halt an den verschiedenen ausgeschilderten Stationen, wie: <em>Du bist am Zug, \u00a0Ist der Zug schon abgefahren?\u00a0 Ich verstehe nur Bahnhof, Umleitung, Umsteigen,\u00a0 In vollen Z\u00fcgen genie\u00dfen, Aus der Bahn geworfen, Bahnhofsmission und\u00a0 Endstation<\/em>.\u00a0 Sie waren zum Mitmachen eingeladen\u00a0 bei den verschiedenen workshops, wo z.B.\u00a0 gebastelt, gemalt oder meditiert wurde. Oder sie\u00a0 waren eingeladen,\u00a0\u00a0 einfach nur\u00a0 Kl\u00f6nschnack zu halten bei der\u00a0\u00a0 \u201eBahnhofsmission\u201c, wo ihnen hei\u00dfer Tee und Pl\u00e4tzchen gereicht wurden.\u00a0 Direkt an der aufgebauten Krippe war \u00a0\u00a0\u201eEndstation\u201c. Dort waren zahlreiche K\u00e4rtchen\u00a0 mit\u00a0 unterschiedlichen\u00a0 Gedanken \u00fcber den Tod ausgelegt.<\/p>\n<p>Zwischendurch verweilten einige\u00a0 Besucher in den B\u00e4nken und erlebten ruhige und besinnliche Momente. Andere z\u00fcndeten eine Kerze an und schrieben ihre Gedanken und Eindr\u00fccke\u00a0 in ein daf\u00fcr ausgelegtes Buch.\u00a0 Viele Besucher blieben eine Zeit lang bei den beeindruckenden Engelsskulpturen aus Holz und Stein\u00a0 stehen, die Hans Hanekamp gestaltet und ausgestellt hatte, und lie\u00dfen diese \u00a0auf sich wirken.\u00a0\u00a0 Die Kolpingskapelle S\u00f6gel trug mit ihren besinnlichen und adventlichen Musikbeitr\u00e4gen ebenfalls zur besonderen Atmosph\u00e4re bei.<\/p>\n<p>Die Nacht der offenen Kirche bot wieder\u00a0 ein tolles Bild f\u00fcr das gemeinsame Engagement der Jugendlichen unter der Leitung von Kaplan Marco Risse und Jugendpflegerin\u00a0 Rosi H\u00f6lscher.<\/p>\n<p>Text: Gisela Arling \/ Foto: Ulrike R\u00f6tepohl<\/p>\n<p><a href=\"https:\/\/www.forum-soegel.de\/information\/wp-content\/uploads\/2015\/12\/Nacht-der-offenen-Kirche-in-S\u00f6gel-Du-bist-am-Zug-.jpg\"><img loading=\"lazy\" decoding=\"async\" class=\"alignnone size-medium wp-image-17922\" title=\"Nacht der offenen Kirche in S\u00f6gel -  Du bist am Zug -\" src=\"https:\/\/www.forum-soegel.de\/information\/wp-content\/uploads\/2015\/12\/Nacht-der-offenen-Kirche-in-S\u00f6gel-Du-bist-am-Zug--300x225.jpg\" alt=\"\" width=\"300\" height=\"225\" srcset=\"https:\/\/www.forum-soegel.de\/information\/wp-content\/uploads\/2015\/12\/Nacht-der-offenen-Kirche-in-S\u00f6gel-Du-bist-am-Zug--300x225.jpg 300w, https:\/\/www.forum-soegel.de\/information\/wp-content\/uploads\/2015\/12\/Nacht-der-offenen-Kirche-in-S\u00f6gel-Du-bist-am-Zug-.jpg 1024w\" sizes=\"auto, (max-width: 300px) 100vw, 300px\" \/><\/a><\/p>\n<p>&nbsp;<\/p>\n","protected":false},"excerpt":{"rendered":"S\u00f6gel &#8211; Zur Vorabendmesse, die als Roratemesse\u00a0 zum 1. Advent \u00a0gestaltet wurde, hatte die Katholische Jugend S\u00f6gel (KKS)\u00a0 im\u00a0 Eingangsbereich der St. Jakobus-Kirche\u00a0\u00a0 einen Bahnschalter aufgebaut, von dem aus sie die Gottesdienstbesucher beim Eintritt in die Kirche herzlich begr\u00fc\u00dfte und ihnen eine\u00a0 Fahrkarte f\u00fcr eine Bahnfahrt in Richtung \u201eWeihnachten\u201c \u00fcberreichte. \u201eDu bist am Zug\u201c, war [&hellip;]\n","protected":false},"author":2,"featured_media":0,"comment_status":"closed","ping_status":"closed","sticky":false,"template":"","format":"standard","meta":{"ngg_post_thumbnail":0,"footnotes":""},"categories":[868],"tags":[],"class_list":["post-17920","post","type-post","status-publish","format-standard","hentry","category-zwischen-himmel-und-erde"],"_links":{"self":[{"href":"https:\/\/www.forum-soegel.de\/information\/wp-json\/wp\/v2\/posts\/17920","targetHints":{"allow":["GET"]}}],"collection":[{"href":"https:\/\/www.forum-soegel.de\/information\/wp-json\/wp\/v2\/posts"}],"about":[{"href":"https:\/\/www.forum-soegel.de\/information\/wp-json\/wp\/v2\/types\/post"}],"author":[{"embeddable":true,"href":"https:\/\/www.forum-soegel.de\/information\/wp-json\/wp\/v2\/users\/2"}],"replies":[{"embeddable":true,"href":"https:\/\/www.forum-soegel.de\/information\/wp-json\/wp\/v2\/comments?post=17920"}],"version-history":[{"count":1,"href":"https:\/\/www.forum-soegel.de\/information\/wp-json\/wp\/v2\/posts\/17920\/revisions"}],"predecessor-version":[{"id":17923,"href":"https:\/\/www.forum-soegel.de\/information\/wp-json\/wp\/v2\/posts\/17920\/revisions\/17923"}],"wp:attachment":[{"href":"https:\/\/www.forum-soegel.de\/information\/wp-json\/wp\/v2\/media?parent=17920"}],"wp:term":[{"taxonomy":"category","embeddable":true,"href":"https:\/\/www.forum-soegel.de\/information\/wp-json\/wp\/v2\/categories?post=17920"},{"taxonomy":"post_tag","embeddable":true,"href":"https:\/\/www.forum-soegel.de\/information\/wp-json\/wp\/v2\/tags?post=17920"}],"curies":[{"name":"wp","href":"https:\/\/api.w.org\/{rel}","templated":true}]}}