{"id":17916,"date":"2016-01-01T00:04:42","date_gmt":"2015-12-31T23:04:42","guid":{"rendered":"https:\/\/www.forum-soegel.de\/information\/?p=17916"},"modified":"2015-12-31T18:06:51","modified_gmt":"2015-12-31T17:06:51","slug":"kolpingskapelle-sogel-spielte-missa-brevis-in-der-st-vincentius-kirche-in-haselunne","status":"publish","type":"post","link":"https:\/\/www.forum-soegel.de\/information\/2016\/01\/kolpingskapelle-sogel-spielte-missa-brevis-in-der-st-vincentius-kirche-in-haselunne\/","title":{"rendered":"Kolpingskapelle S\u00f6gel spielte Missa Brevis in der St. Vincentius-Kirche in Hasel\u00fcnne"},"content":{"rendered":"<p style=\"text-align: left;\" align=\"center\"><strong>Kaplan Detlef Perk durfte die Becken schlagen<\/strong><\/p>\n<p><a href=\"https:\/\/www.forum-soegel.de\/information\/wp-content\/uploads\/2015\/12\/Kolpingkapelle-S\u00f6gel-spielte-Missa-Brevis-in-der-St.-Vincentius-Kirche-in-Hasel\u00fcnne2.jpg\"><img loading=\"lazy\" decoding=\"async\" class=\"alignleft size-medium wp-image-17917\" title=\"Kolpingkapelle S\u00f6gel spielte Missa Brevis in der St. Vincentius-Kirche in Hasel\u00fcnne2\" src=\"https:\/\/www.forum-soegel.de\/information\/wp-content\/uploads\/2015\/12\/Kolpingkapelle-S\u00f6gel-spielte-Missa-Brevis-in-der-St.-Vincentius-Kirche-in-Hasel\u00fcnne2-225x300.jpg\" alt=\"\" width=\"225\" height=\"300\" srcset=\"https:\/\/www.forum-soegel.de\/information\/wp-content\/uploads\/2015\/12\/Kolpingkapelle-S\u00f6gel-spielte-Missa-Brevis-in-der-St.-Vincentius-Kirche-in-Hasel\u00fcnne2-225x300.jpg 225w, https:\/\/www.forum-soegel.de\/information\/wp-content\/uploads\/2015\/12\/Kolpingkapelle-S\u00f6gel-spielte-Missa-Brevis-in-der-St.-Vincentius-Kirche-in-Hasel\u00fcnne2.jpg 576w\" sizes=\"auto, (max-width: 225px) 100vw, 225px\" \/><\/a>S\u00f6gel &#8211; Mit 43 Musikern spielte im November die S\u00f6geler Kolpingskapelle die Missa Brevis\u00a0 von Jacob de Haan in \u00a0der St. Vincentius-Kirche in Hasel\u00fcnne. \u00a0Der Niederl\u00e4nder Jacob de Haan komponierte die Messe im, deren sechs Messs\u00e4tze \u2013 Kyrie, Gloria, Credo, Sanctus, Benedictus und Agnus Dei &#8211; \u00a0sich ausgezeichnet f\u00fcr die Liturgie eignen, im Jahre 2002. Dirigent Hans Hanekamp gab zu\u00a0 Beginn\u00a0 eine kurze Einf\u00fchrung in die Missa Brevis \u00a0und erw\u00e4hnte, dass\u00a0 die \u00a0Musik dem Zuh\u00f6rer einen besonderen Zugang zur Liturgie \u00f6ffne und gerade dadurch ein besonderer Weg zu Gott gefunden werden k\u00f6nne.<\/p>\n<p>Das St\u00fcck \u201eGabriella\u00b4s Song\u201c, das die Musiker w\u00e4hrend der Kommunion-Austeilung spielten,\u00a0 zeigte ganz besonders, \u00fcber welche Qualit\u00e4t die Kapelle verf\u00fcgt. Dann gab es noch das \u201eGro\u00dfer Gott, wir loben dich\u201c, das die vielen Gottesdienstbesucher\u00a0 und auch die frisch aufgenommenen Messdiener und Messdienerinnen kr\u00e4ftig mitsangen.<\/p>\n<p>Bevor die Musiker zum Abschluss des Gottesdienstes den Kirchweihmarsch pr\u00e4sentierten, bedankte sich Hans Hanekamp bei den Zuh\u00f6rern und bei Kaplan Detlef Perk: \u201eWir freuen uns, dass wir heute hier in der St. Vincentius-Kirche\u00a0 den Gottesdienst \u00a0musikalisch mitgestalten durften. Detlef Perk, der f\u00fcr unser\u00a0 Vorhaben sofort Feuer und Flamme war, freute sich sehr auf unser Kommen, denn als ehemaliges Mitglied unserer Gemeinschaft ist es sicherlich f\u00fcr ihn etwas Besonderes.\u201c \u00a0\u00a0Dank gab es von Hanekamp \u00a0auch f\u00fcr seine Mitbl\u00e4ser und Bl\u00e4serinnen. \u201eIhr habt \u00a0den Wunsch, diese Messe zu spielen, lebendig werden lassen und viel Freizeit geopfert f\u00fcr eine lebendige Kirche.\u201c<\/p>\n<p>So wurde Detlef Perk zum Schluss des Gottesdienstes die gro\u00dfe Ehre zuteil, \u00a0beim Kirchweihmarsch, wie schon fr\u00fcher, die Becken zu schlagen. \u00a0\u201e Wir legen all unsere Freude am Leben in dieses St\u00fcck hinein, es vereint Glauben mit unserem Allt\u00e4glichen\u201c, erw\u00e4hnte Hanekamp, bevor er erneut zum Taktstock griff. \u00a0Ein herrlicher Klang erf\u00fcllte sodann das Gotteshaus, und lang anhaltender Beifall belohnte die Musiker aus S\u00f6gel\u00a0 f\u00fcr ihre hochwertigen Darbietungen.<\/p>\n<p>Im Anschluss an den feierlichen\u00a0 und sch\u00f6n gestalteten Gottesdienst lud\u00a0 Kaplan Detlef Perk als Zeichen seiner gro\u00dfen Wertsch\u00e4tzung und Freude die Musiker der Kolpingskapelle zu einem Imbiss und gem\u00fctlichem Beisammensein\u00a0 ins renovierte Pfarrheim St. Vincentius ein.<\/p>\n<p>Text\/Foto: Gisela Arling<\/p>\n<p><a href=\"https:\/\/www.forum-soegel.de\/information\/wp-content\/uploads\/2015\/12\/Kolpingkapelle-S\u00f6gel-spielte-Missa-Brevis-in-der-St.-Vincentius-Kirche-in-Hasel\u00fcnne1.jpg\"><img loading=\"lazy\" decoding=\"async\" class=\"alignnone size-medium wp-image-17918\" title=\"Kolpingkapelle S\u00f6gel spielte Missa Brevis in der St. Vincentius-Kirche in Hasel\u00fcnne1\" src=\"https:\/\/www.forum-soegel.de\/information\/wp-content\/uploads\/2015\/12\/Kolpingkapelle-S\u00f6gel-spielte-Missa-Brevis-in-der-St.-Vincentius-Kirche-in-Hasel\u00fcnne1-300x225.jpg\" alt=\"\" width=\"300\" height=\"225\" srcset=\"https:\/\/www.forum-soegel.de\/information\/wp-content\/uploads\/2015\/12\/Kolpingkapelle-S\u00f6gel-spielte-Missa-Brevis-in-der-St.-Vincentius-Kirche-in-Hasel\u00fcnne1-300x225.jpg 300w, https:\/\/www.forum-soegel.de\/information\/wp-content\/uploads\/2015\/12\/Kolpingkapelle-S\u00f6gel-spielte-Missa-Brevis-in-der-St.-Vincentius-Kirche-in-Hasel\u00fcnne1.jpg 1024w\" sizes=\"auto, (max-width: 300px) 100vw, 300px\" \/><\/a><\/p>\n","protected":false},"excerpt":{"rendered":"Kaplan Detlef Perk durfte die Becken schlagen S\u00f6gel &#8211; Mit 43 Musikern spielte im November die S\u00f6geler Kolpingskapelle die Missa Brevis\u00a0 von Jacob de Haan in \u00a0der St. Vincentius-Kirche in Hasel\u00fcnne. \u00a0Der Niederl\u00e4nder Jacob de Haan komponierte die Messe im, deren sechs Messs\u00e4tze \u2013 Kyrie, Gloria, Credo, Sanctus, Benedictus und Agnus Dei &#8211; \u00a0sich ausgezeichnet [&hellip;]\n","protected":false},"author":2,"featured_media":0,"comment_status":"closed","ping_status":"closed","sticky":false,"template":"","format":"standard","meta":{"ngg_post_thumbnail":0,"footnotes":""},"categories":[868],"tags":[],"class_list":["post-17916","post","type-post","status-publish","format-standard","hentry","category-zwischen-himmel-und-erde"],"_links":{"self":[{"href":"https:\/\/www.forum-soegel.de\/information\/wp-json\/wp\/v2\/posts\/17916","targetHints":{"allow":["GET"]}}],"collection":[{"href":"https:\/\/www.forum-soegel.de\/information\/wp-json\/wp\/v2\/posts"}],"about":[{"href":"https:\/\/www.forum-soegel.de\/information\/wp-json\/wp\/v2\/types\/post"}],"author":[{"embeddable":true,"href":"https:\/\/www.forum-soegel.de\/information\/wp-json\/wp\/v2\/users\/2"}],"replies":[{"embeddable":true,"href":"https:\/\/www.forum-soegel.de\/information\/wp-json\/wp\/v2\/comments?post=17916"}],"version-history":[{"count":2,"href":"https:\/\/www.forum-soegel.de\/information\/wp-json\/wp\/v2\/posts\/17916\/revisions"}],"predecessor-version":[{"id":17921,"href":"https:\/\/www.forum-soegel.de\/information\/wp-json\/wp\/v2\/posts\/17916\/revisions\/17921"}],"wp:attachment":[{"href":"https:\/\/www.forum-soegel.de\/information\/wp-json\/wp\/v2\/media?parent=17916"}],"wp:term":[{"taxonomy":"category","embeddable":true,"href":"https:\/\/www.forum-soegel.de\/information\/wp-json\/wp\/v2\/categories?post=17916"},{"taxonomy":"post_tag","embeddable":true,"href":"https:\/\/www.forum-soegel.de\/information\/wp-json\/wp\/v2\/tags?post=17916"}],"curies":[{"name":"wp","href":"https:\/\/api.w.org\/{rel}","templated":true}]}}