{"id":17913,"date":"2016-01-01T00:03:07","date_gmt":"2015-12-31T23:03:07","guid":{"rendered":"https:\/\/www.forum-soegel.de\/information\/?p=17913"},"modified":"2015-12-31T18:04:39","modified_gmt":"2015-12-31T17:04:39","slug":"kolpingsfamilie-sogel-stavern-richtet-mobellager-ein","status":"publish","type":"post","link":"https:\/\/www.forum-soegel.de\/information\/2016\/01\/kolpingsfamilie-sogel-stavern-richtet-mobellager-ein\/","title":{"rendered":"Kolpingsfamilie S\u00f6gel-Stavern richtet M\u00f6bellager ein"},"content":{"rendered":"<p>S\u00f6gel &#8211; Der stetig wachsende Bedarf an gebrauchten M\u00f6bel und die gro\u00dfe Spendenbereitschaft hat das bisherige M\u00f6bellager im Bauhof der Gemeinde S\u00f6gel an seine Grenzen gebracht.<\/p>\n<p>Jetzt stellte die Gemeinde S\u00f6gel der Kolpingsfamilie R\u00e4umlichkeiten im Gewerbepark M\u00fchlenberg zur Verf\u00fcgung. In der N\u00e4he der dort auch vorhandenen Altkleidersammelstelle der Kolpingsfamilie wurde das neue M\u00f6bellager eingerichtet. M\u00f6bel k\u00f6nnen in Absprache mit den Vorstandsmitgliedern der Kolpinger beim M\u00f6bellager vorbeigebracht werden.<\/p>\n<p>Bei Bedarf werden sie auch abgeholt. \u201eWichtig ist, dass die M\u00f6bel noch gut erhalten und leicht zu transportieren sind\u201c, gibt Vorsitzender Karl-Heinz Kenning m\u00f6glichen M\u00f6belspendern zu bedenken. Zu erreichen ist er unter seiner Telefonnummer 05952\/990501.<\/p>\n<p>Die zur Verf\u00fcgung gestellten M\u00f6bel kommen aus aktuellem Anlass insbesondere f\u00fcr die Einrichtung von Fl\u00fcchtlingswohnungen zum Einsatz. Das M\u00f6bellager steht jedoch allen Bed\u00fcrftigen zur Verf\u00fcgung.<\/p>\n<p>Text: Ingrid Cloppenburg \/ Foto: Gemeinde S\u00f6gel<\/p>\n<div id=\"attachment_17914\" style=\"width: 310px\" class=\"wp-caption alignnone\"><a href=\"https:\/\/www.forum-soegel.de\/information\/wp-content\/uploads\/2015\/12\/Kolpingfamilie-S\u00f6gel-Stavern-richtet-M\u00f6bellager-ein.jpg\"><img loading=\"lazy\" decoding=\"async\" aria-describedby=\"caption-attachment-17914\" class=\"size-medium wp-image-17914\" title=\"Kolpingfamilie S\u00f6gel-Stavern richtet M\u00f6bellager ein\" src=\"https:\/\/www.forum-soegel.de\/information\/wp-content\/uploads\/2015\/12\/Kolpingfamilie-S\u00f6gel-Stavern-richtet-M\u00f6bellager-ein-300x225.jpg\" alt=\"\" width=\"300\" height=\"225\" srcset=\"https:\/\/www.forum-soegel.de\/information\/wp-content\/uploads\/2015\/12\/Kolpingfamilie-S\u00f6gel-Stavern-richtet-M\u00f6bellager-ein-300x225.jpg 300w, https:\/\/www.forum-soegel.de\/information\/wp-content\/uploads\/2015\/12\/Kolpingfamilie-S\u00f6gel-Stavern-richtet-M\u00f6bellager-ein.jpg 1024w\" sizes=\"auto, (max-width: 300px) 100vw, 300px\" \/><\/a><p id=\"caption-attachment-17914\" class=\"wp-caption-text\">V.l. Willi Eikens, Margret M\u00f6heken, Karl-Heinz Kenning, Willi Bahlmann und Wilhelm Eilermann.<\/p><\/div>\n","protected":false},"excerpt":{"rendered":"S\u00f6gel &#8211; Der stetig wachsende Bedarf an gebrauchten M\u00f6bel und die gro\u00dfe Spendenbereitschaft hat das bisherige M\u00f6bellager im Bauhof der Gemeinde S\u00f6gel an seine Grenzen gebracht. Jetzt stellte die Gemeinde S\u00f6gel der Kolpingsfamilie R\u00e4umlichkeiten im Gewerbepark M\u00fchlenberg zur Verf\u00fcgung. In der N\u00e4he der dort auch vorhandenen Altkleidersammelstelle der Kolpingsfamilie wurde das neue M\u00f6bellager eingerichtet. M\u00f6bel [&hellip;]\n","protected":false},"author":2,"featured_media":0,"comment_status":"closed","ping_status":"closed","sticky":false,"template":"","format":"standard","meta":{"ngg_post_thumbnail":0,"footnotes":""},"categories":[868],"tags":[],"class_list":["post-17913","post","type-post","status-publish","format-standard","hentry","category-zwischen-himmel-und-erde"],"_links":{"self":[{"href":"https:\/\/www.forum-soegel.de\/information\/wp-json\/wp\/v2\/posts\/17913","targetHints":{"allow":["GET"]}}],"collection":[{"href":"https:\/\/www.forum-soegel.de\/information\/wp-json\/wp\/v2\/posts"}],"about":[{"href":"https:\/\/www.forum-soegel.de\/information\/wp-json\/wp\/v2\/types\/post"}],"author":[{"embeddable":true,"href":"https:\/\/www.forum-soegel.de\/information\/wp-json\/wp\/v2\/users\/2"}],"replies":[{"embeddable":true,"href":"https:\/\/www.forum-soegel.de\/information\/wp-json\/wp\/v2\/comments?post=17913"}],"version-history":[{"count":1,"href":"https:\/\/www.forum-soegel.de\/information\/wp-json\/wp\/v2\/posts\/17913\/revisions"}],"predecessor-version":[{"id":17915,"href":"https:\/\/www.forum-soegel.de\/information\/wp-json\/wp\/v2\/posts\/17913\/revisions\/17915"}],"wp:attachment":[{"href":"https:\/\/www.forum-soegel.de\/information\/wp-json\/wp\/v2\/media?parent=17913"}],"wp:term":[{"taxonomy":"category","embeddable":true,"href":"https:\/\/www.forum-soegel.de\/information\/wp-json\/wp\/v2\/categories?post=17913"},{"taxonomy":"post_tag","embeddable":true,"href":"https:\/\/www.forum-soegel.de\/information\/wp-json\/wp\/v2\/tags?post=17913"}],"curies":[{"name":"wp","href":"https:\/\/api.w.org\/{rel}","templated":true}]}}