{"id":17909,"date":"2016-01-01T00:01:10","date_gmt":"2015-12-31T23:01:10","guid":{"rendered":"https:\/\/www.forum-soegel.de\/information\/?p=17909"},"modified":"2015-12-31T18:03:03","modified_gmt":"2015-12-31T17:03:03","slug":"kfd-sogel-startet-mit-neuer-untergruppe-%e2%80%9efluchtlingshilfe%e2%80%9c-ins-nachste-vereinsjahr","status":"publish","type":"post","link":"https:\/\/www.forum-soegel.de\/information\/2016\/01\/kfd-sogel-startet-mit-neuer-untergruppe-%e2%80%9efluchtlingshilfe%e2%80%9c-ins-nachste-vereinsjahr\/","title":{"rendered":"kfd S\u00f6gel startet mit neuer Untergruppe \u201eFl\u00fcchtlingshilfe\u201c  ins n\u00e4chste Vereinsjahr"},"content":{"rendered":"<p><a href=\"https:\/\/www.forum-soegel.de\/information\/wp-content\/uploads\/2015\/12\/kfd-S\u00f6gel-startet-mit-neuer-Untergruppe-\u201cFl\u00fcchtlingshilfe\u201c-ins-n\u00e4chste-Vereinsjahr2.jpg\"><img loading=\"lazy\" decoding=\"async\" class=\"alignleft size-medium wp-image-17911\" title=\"kfd S\u00f6gel startet mit neuer Untergruppe \u201cFl\u00fcchtlingshilfe\u201c  ins n\u00e4chste Vereinsjahr2\" src=\"https:\/\/www.forum-soegel.de\/information\/wp-content\/uploads\/2015\/12\/kfd-S\u00f6gel-startet-mit-neuer-Untergruppe-\u201cFl\u00fcchtlingshilfe\u201c-ins-n\u00e4chste-Vereinsjahr2-264x300.jpg\" alt=\"\" width=\"264\" height=\"300\" srcset=\"https:\/\/www.forum-soegel.de\/information\/wp-content\/uploads\/2015\/12\/kfd-S\u00f6gel-startet-mit-neuer-Untergruppe-\u201cFl\u00fcchtlingshilfe\u201c-ins-n\u00e4chste-Vereinsjahr2-264x300.jpg 264w, https:\/\/www.forum-soegel.de\/information\/wp-content\/uploads\/2015\/12\/kfd-S\u00f6gel-startet-mit-neuer-Untergruppe-\u201cFl\u00fcchtlingshilfe\u201c-ins-n\u00e4chste-Vereinsjahr2.jpg 677w\" sizes=\"auto, (max-width: 264px) 100vw, 264px\" \/><\/a>S\u00f6gel &#8211; \u201eSeit einigen Wochen hat die kfd S\u00f6gel eine neue Untergruppe. Mit Marliese Hevicke, Angelika Deters und Agnes Biesenbaum hat sich ein Arbeitskreis gebildet, der ehrenamtlich einer Fl\u00fcchtlingsfamilie aus Serbien bei der Integration in S\u00f6gel hilft\u201c, teilte kfd -Vorsitzende Irmgard Schlangen-Otten den 180 kfd- Frauen mit, \u00a0die zur \u00a0Generalversammlung in den Clemenswerther Hof gekommen waren. \u00a0Passend zum Fest des Hl. Martin zog sich das Thema \u201eN\u00e4chstenliebe\u201c und \u201eTeilen\u201c wie ein roter Faden durch das\u00a0 Nachmittagsprogramm.<\/p>\n<p>Als Ansprechperson f\u00fcr die neu gegr\u00fcndete kfd- Untergruppe \u201eFl\u00fcchtlingshilfe\u201c\u00a0 gab Marliese Hevicke einen \u00dcberblick \u00fcber die bisher geleistete Arbeit und sagte: \u201eDie kfd S\u00f6gel hat eine Patenschaft f\u00fcr das Fl\u00fcchtlingshaus in der Alten Poststra\u00dfe in S\u00f6gel \u00fcbernommen.\u00a0 Das hei\u00dft, sie \u00fcbernimmt Verantwortung f\u00fcr eine siebenk\u00f6pfige Familie aus Serbien.\u201c (nicht Kosovo, wie i.d. NOZ stand)\u00a0 So seien die schulpflichtigen Kinder umgehend zur Schule gebracht und angemeldet worden. Einige fehlende Dinge f\u00fcr die Kinder h\u00e4tten \u00fcber facebook besorgt werden k\u00f6nnen. Weiterhin sei die Familie bei Beh\u00f6rdeng\u00e4ngen und bei der Bearbeitung der Schulpost sowie bei der Beschaffung notwendiger Dinge, wie warme Kleidung und Haushaltsgegenst\u00e4nde, unterst\u00fctzt worden. Ungeheuer gro\u00df sei jedoch das Sprachproblem. \u201eSprachliche Hilfe ist so notwendig wie das t\u00e4gliche Brot\u201c, sagte Marliese Hevicke. Dem\u00a0 Arbeitskreis sei es sehr\u00a0 wichtig, hier f\u00fcr entsprechende Unterst\u00fctzung zu sorgen. Ebenfalls sei es notwendig, im st\u00e4ndigen Kontakt mit der Familie zu bleiben und ihnen als\u00a0 Ansprechpartner zur Verf\u00fcgung stehen. Die kfd habe ein Sonderkonto f\u00fcr die Fl\u00fcchtlingshilfe eingerichtet, auf das auch der Spenden-Betrag in H\u00f6he von 568,70 \u20ac\u00a0 aus der Dosensammlung eingezahlt werde. \u00a0\u201eMit der Spendenfinanzierung \u00a0und Patenschaft der kfd\u00a0 k\u00f6nne\u00a0 diese Familie vor \u00b4Ausgrenzung\u00b4 bewahrt werden,\u201c betonte Hevicke \u00a0und schloss ihren Beitrag mit den Worten: \u201eDie kfd ist auf dem richtigen Weg, da hier Menschenrecht und Menschenw\u00fcrde eine feste Position haben.\u201c<\/p>\n<p>Herzliche Dankesworte richtete \u00a0Pr\u00e4ses Pastor Horstmann an die \u00a0kfd- Frauen f\u00fcr deren gro\u00dfes soziales \u00a0Engagement. \u201eSo, wie der Heilige Martin seinen Mantel geteilt hat, so teilt ihr eure Zeit mit anderen Menschen. Und das ist in der heutigen Zeit wahnsinnig viel wert\u201c, sagte Horstmann.<\/p>\n<p>In ihrem Jahresbericht mit parallel laufender Bilderpr\u00e4sentation\u00a0 erinnerte Schriftf\u00fchrerin \u00a0Gertrud Janssen an die vielen Veranstaltungen des abgelaufenen Vereinsjahres. Das Spektrum reichte \u00a0von traditionellem Weltgebetstag, \u00a0Nachteulenandacht, Kinoabend, Frauenkundgebung in Ahmsen, Frauenwallfahrt nach Esterwegen, Grillabend im Pfarrgarten, Klangschalen-Abend bis hin zum Musical-Besuch Mamma-Mia in Oberhausen und Kochen mit Pastor. Ebenfalls viele Aktivit\u00e4ten habe es wieder in den einzelnen Arbeitsgruppen wie Handarbeit, Volkstanz, Liturgischem Tanz, Liturgiekreis, Sketchgruppe \u00a0sowie\u00a0 Kirchenschm\u00fcckerteam \u00a0gegeben.<\/p>\n<p>Mit ihrem Sketch \u201ePflegenotstand im Seniorenheim\u201c machte die Sketchgruppe um Rita Haarmann, Gisela Kofoet, Brigitte Weers, Margret M\u00f6heken und Irmgard Schlangen-Otten satirisch auf ein zuk\u00fcnftiges Problem aufmerksam.<\/p>\n<p>Eine gute Kassenf\u00fchrung wurde Kassenwartin Maria B\u00fcter best\u00e4tigt, so dass der Vorstand entlastet werden konnte. B\u00fcter\u00a0 bemerkte zudem, dass die unz\u00e4hligen Kuchenspenden bei verschiedenen Cafeterien sowie der Erl\u00f6s aus dem Stand vom Weihnachtsmarkt eine finanzielle Unterst\u00fctzung verschiedener sozialer Einrichtungen m\u00f6glich gemacht h\u00e4tten. \u00a0Zu neuen Kassenpr\u00fcferinnen wurden Maria Pranger und Margret Jansen-Meiners gew\u00e4hlt.<\/p>\n<p>Marie-Luise Br\u00fcmmer \u00fcberreichte f\u00fcr 50 Jahre treue Mitgliedschaft in der kfd eine rote Rose mit herzlichen Dankesworten und \u00a0Gratulationsw\u00fcnschen an K\u00e4the Herm\u00fchlen, Thekla Schr\u00f6der, Hildegard Bruns, Elisabeth Kuper, Christa Sextro, Ingeborg\u00a0 Beimesche, Anneliese Scholz und Thea Deimann. Sie verwies ferner \u00a0auf das geplante Frauenfr\u00fchst\u00fcck im neuen Jahr.<\/p>\n<p>Irmgard Schlangen-Otten schloss die Versammlung mit einem gro\u00dfen Dankesch\u00f6n an die Trecksacksp\u00e4ler f\u00fcr die sch\u00f6ne musikalische Unterhaltung und begl\u00fcckw\u00fcnschte \u00a0den Verein gleichzeitig \u00a0zum 25-j\u00e4hrigen Jubil\u00e4um.<em> <\/em><\/p>\n<p>Text u. Foto: Gisela Arling<\/p>\n<p><a href=\"https:\/\/www.forum-soegel.de\/information\/wp-content\/uploads\/2015\/12\/kfd-S\u00f6gel-startet-mit-neuer-Untergruppe-\u201cFl\u00fcchtlingshilfe\u201c-ins-n\u00e4chste-Vereinsjahr1.jpg\"><img loading=\"lazy\" decoding=\"async\" class=\"alignnone size-medium wp-image-17910\" title=\"kfd S\u00f6gel startet mit neuer Untergruppe \u201cFl\u00fcchtlingshilfe\u201c  ins n\u00e4chste Vereinsjahr1\" src=\"https:\/\/www.forum-soegel.de\/information\/wp-content\/uploads\/2015\/12\/kfd-S\u00f6gel-startet-mit-neuer-Untergruppe-\u201cFl\u00fcchtlingshilfe\u201c-ins-n\u00e4chste-Vereinsjahr1-300x225.jpg\" alt=\"\" width=\"300\" height=\"225\" srcset=\"https:\/\/www.forum-soegel.de\/information\/wp-content\/uploads\/2015\/12\/kfd-S\u00f6gel-startet-mit-neuer-Untergruppe-\u201cFl\u00fcchtlingshilfe\u201c-ins-n\u00e4chste-Vereinsjahr1-300x225.jpg 300w, https:\/\/www.forum-soegel.de\/information\/wp-content\/uploads\/2015\/12\/kfd-S\u00f6gel-startet-mit-neuer-Untergruppe-\u201cFl\u00fcchtlingshilfe\u201c-ins-n\u00e4chste-Vereinsjahr1.jpg 1024w\" sizes=\"auto, (max-width: 300px) 100vw, 300px\" \/><\/a><\/p>\n","protected":false},"excerpt":{"rendered":"S\u00f6gel &#8211; \u201eSeit einigen Wochen hat die kfd S\u00f6gel eine neue Untergruppe. Mit Marliese Hevicke, Angelika Deters und Agnes Biesenbaum hat sich ein Arbeitskreis gebildet, der ehrenamtlich einer Fl\u00fcchtlingsfamilie aus Serbien bei der Integration in S\u00f6gel hilft\u201c, teilte kfd -Vorsitzende Irmgard Schlangen-Otten den 180 kfd- Frauen mit, \u00a0die zur \u00a0Generalversammlung in den Clemenswerther Hof gekommen [&hellip;]\n","protected":false},"author":2,"featured_media":0,"comment_status":"closed","ping_status":"closed","sticky":false,"template":"","format":"standard","meta":{"ngg_post_thumbnail":0,"footnotes":""},"categories":[868],"tags":[],"class_list":["post-17909","post","type-post","status-publish","format-standard","hentry","category-zwischen-himmel-und-erde"],"_links":{"self":[{"href":"https:\/\/www.forum-soegel.de\/information\/wp-json\/wp\/v2\/posts\/17909","targetHints":{"allow":["GET"]}}],"collection":[{"href":"https:\/\/www.forum-soegel.de\/information\/wp-json\/wp\/v2\/posts"}],"about":[{"href":"https:\/\/www.forum-soegel.de\/information\/wp-json\/wp\/v2\/types\/post"}],"author":[{"embeddable":true,"href":"https:\/\/www.forum-soegel.de\/information\/wp-json\/wp\/v2\/users\/2"}],"replies":[{"embeddable":true,"href":"https:\/\/www.forum-soegel.de\/information\/wp-json\/wp\/v2\/comments?post=17909"}],"version-history":[{"count":1,"href":"https:\/\/www.forum-soegel.de\/information\/wp-json\/wp\/v2\/posts\/17909\/revisions"}],"predecessor-version":[{"id":17912,"href":"https:\/\/www.forum-soegel.de\/information\/wp-json\/wp\/v2\/posts\/17909\/revisions\/17912"}],"wp:attachment":[{"href":"https:\/\/www.forum-soegel.de\/information\/wp-json\/wp\/v2\/media?parent=17909"}],"wp:term":[{"taxonomy":"category","embeddable":true,"href":"https:\/\/www.forum-soegel.de\/information\/wp-json\/wp\/v2\/categories?post=17909"},{"taxonomy":"post_tag","embeddable":true,"href":"https:\/\/www.forum-soegel.de\/information\/wp-json\/wp\/v2\/tags?post=17909"}],"curies":[{"name":"wp","href":"https:\/\/api.w.org\/{rel}","templated":true}]}}