{"id":17904,"date":"2016-01-01T00:01:09","date_gmt":"2015-12-31T23:01:09","guid":{"rendered":"https:\/\/www.forum-soegel.de\/information\/?p=17904"},"modified":"2015-12-31T18:01:06","modified_gmt":"2015-12-31T17:01:06","slug":"frauengemeinschaft-spendet-an-hospizverein-sogel-e-v","status":"publish","type":"post","link":"https:\/\/www.forum-soegel.de\/information\/2016\/01\/frauengemeinschaft-spendet-an-hospizverein-sogel-e-v\/","title":{"rendered":"Frauengemeinschaft spendet an Hospizverein S\u00f6gel e.V."},"content":{"rendered":"<p>Spahnharrenst\u00e4tte &#8211; Die Basargruppe der Frauengemeinschaft konnte sich auch in diesem Jahr \u00fcber den Erfolg des Adventsbasars freuen.<\/p>\n<p>Die gute Beteiligung der Dorfbev\u00f6lkerung und Besucher von au\u00dferhalb erbrachten wieder \u00fcber 3000 Euro. Die Kath. \u00d6ffentl. B\u00fccherei war ebenfalls sehr zufrieden.<\/p>\n<p>Der Wunsch, den Hospizverein S\u00f6gel e.V. zu unterst\u00fctzen, konnte nun mit 1.000 \u20ac erf\u00fcllt werden.<\/p>\n<p>Das Foto zeigt einen Ausschnitt der vielen hochwertigen Teile, die im Laufe des Jahres von der Basargruppe, aber auch von privaten Personen, hergestellt wurden. Allen Teilnehmern ein herzliches Dankesch\u00f6n.<\/p>\n<p>Text\/Foto: Willi Wigbers<\/p>\n<p><a href=\"https:\/\/www.forum-soegel.de\/information\/wp-content\/uploads\/2015\/12\/Frauengemeinschaft-spendet-an-Hospizverein-S\u00f6gel-e.V.1.jpg\"><img loading=\"lazy\" decoding=\"async\" class=\"alignnone size-medium wp-image-17907\" title=\"Frauengemeinschaft spendet an Hospizverein S\u00f6gel e.V.\" src=\"https:\/\/www.forum-soegel.de\/information\/wp-content\/uploads\/2015\/12\/Frauengemeinschaft-spendet-an-Hospizverein-S\u00f6gel-e.V.1-300x225.jpg\" alt=\"\" width=\"300\" height=\"225\" srcset=\"https:\/\/www.forum-soegel.de\/information\/wp-content\/uploads\/2015\/12\/Frauengemeinschaft-spendet-an-Hospizverein-S\u00f6gel-e.V.1-300x225.jpg 300w, https:\/\/www.forum-soegel.de\/information\/wp-content\/uploads\/2015\/12\/Frauengemeinschaft-spendet-an-Hospizverein-S\u00f6gel-e.V.1.jpg 1024w\" sizes=\"auto, (max-width: 300px) 100vw, 300px\" \/><\/a><\/p>\n","protected":false},"excerpt":{"rendered":"Spahnharrenst\u00e4tte &#8211; Die Basargruppe der Frauengemeinschaft konnte sich auch in diesem Jahr \u00fcber den Erfolg des Adventsbasars freuen. Die gute Beteiligung der Dorfbev\u00f6lkerung und Besucher von au\u00dferhalb erbrachten wieder \u00fcber 3000 Euro. Die Kath. \u00d6ffentl. B\u00fccherei war ebenfalls sehr zufrieden. Der Wunsch, den Hospizverein S\u00f6gel e.V. zu unterst\u00fctzen, konnte nun mit 1.000 \u20ac erf\u00fcllt werden. [&hellip;]\n","protected":false},"author":2,"featured_media":0,"comment_status":"closed","ping_status":"closed","sticky":false,"template":"","format":"standard","meta":{"ngg_post_thumbnail":0,"footnotes":""},"categories":[868],"tags":[],"class_list":["post-17904","post","type-post","status-publish","format-standard","hentry","category-zwischen-himmel-und-erde"],"_links":{"self":[{"href":"https:\/\/www.forum-soegel.de\/information\/wp-json\/wp\/v2\/posts\/17904","targetHints":{"allow":["GET"]}}],"collection":[{"href":"https:\/\/www.forum-soegel.de\/information\/wp-json\/wp\/v2\/posts"}],"about":[{"href":"https:\/\/www.forum-soegel.de\/information\/wp-json\/wp\/v2\/types\/post"}],"author":[{"embeddable":true,"href":"https:\/\/www.forum-soegel.de\/information\/wp-json\/wp\/v2\/users\/2"}],"replies":[{"embeddable":true,"href":"https:\/\/www.forum-soegel.de\/information\/wp-json\/wp\/v2\/comments?post=17904"}],"version-history":[{"count":1,"href":"https:\/\/www.forum-soegel.de\/information\/wp-json\/wp\/v2\/posts\/17904\/revisions"}],"predecessor-version":[{"id":17908,"href":"https:\/\/www.forum-soegel.de\/information\/wp-json\/wp\/v2\/posts\/17904\/revisions\/17908"}],"wp:attachment":[{"href":"https:\/\/www.forum-soegel.de\/information\/wp-json\/wp\/v2\/media?parent=17904"}],"wp:term":[{"taxonomy":"category","embeddable":true,"href":"https:\/\/www.forum-soegel.de\/information\/wp-json\/wp\/v2\/categories?post=17904"},{"taxonomy":"post_tag","embeddable":true,"href":"https:\/\/www.forum-soegel.de\/information\/wp-json\/wp\/v2\/tags?post=17904"}],"curies":[{"name":"wp","href":"https:\/\/api.w.org\/{rel}","templated":true}]}}