{"id":17886,"date":"2016-01-01T00:44:46","date_gmt":"2015-12-31T23:44:46","guid":{"rendered":"https:\/\/www.forum-soegel.de\/information\/?p=17886"},"modified":"2015-12-31T17:50:31","modified_gmt":"2015-12-31T16:50:31","slug":"engelausstellung-%e2%80%9ezwischen-himmel-und-erde%e2%80%9c-in-der-st-jakobus-kirche-sogel","status":"publish","type":"post","link":"https:\/\/www.forum-soegel.de\/information\/2016\/01\/engelausstellung-%e2%80%9ezwischen-himmel-und-erde%e2%80%9c-in-der-st-jakobus-kirche-sogel\/","title":{"rendered":"Engelausstellung  \u201eZwischen Himmel und Erde\u201c in der St. Jakobus-Kirche S\u00f6gel"},"content":{"rendered":"<p><a href=\"https:\/\/www.forum-soegel.de\/information\/wp-content\/uploads\/2016\/01\/Engelausstellung-\u201eZwischen-Himmel-und-Erde\u201c-in-der-St.-Jakobus-Kirche-S\u00f6gel1.jpg\"><img loading=\"lazy\" decoding=\"async\" class=\"alignleft size-medium wp-image-17894\" title=\"Engelausstellung  \u201eZwischen Himmel und Erde\u201c in der St. Jakobus-Kirche S\u00f6gel1\" src=\"https:\/\/www.forum-soegel.de\/information\/wp-content\/uploads\/2016\/01\/Engelausstellung-\u201eZwischen-Himmel-und-Erde\u201c-in-der-St.-Jakobus-Kirche-S\u00f6gel1-297x300.jpg\" alt=\"\" width=\"297\" height=\"300\" srcset=\"https:\/\/www.forum-soegel.de\/information\/wp-content\/uploads\/2016\/01\/Engelausstellung-\u201eZwischen-Himmel-und-Erde\u201c-in-der-St.-Jakobus-Kirche-S\u00f6gel1-297x300.jpg 297w, https:\/\/www.forum-soegel.de\/information\/wp-content\/uploads\/2016\/01\/Engelausstellung-\u201eZwischen-Himmel-und-Erde\u201c-in-der-St.-Jakobus-Kirche-S\u00f6gel1.jpg 762w\" sizes=\"auto, (max-width: 297px) 100vw, 297px\" \/><\/a>S\u00f6gel &#8211; Passend zum 1. Advent \u00a0bot Hans Hanekamp \u00a0eine F\u00fchrung durch seine Engelausstellung in der St. Jakobus-Kirche in\u00a0 S\u00f6gel an, die auf gro\u00dfes Interesse stie\u00df.\u00a0 So zeigte \u00a0er den Besuchern zwanzig seiner \u00a0\u00a0aus verschiedenen H\u00f6lzern gestalteten Engelskulpturen in den unterschiedlichsten Gr\u00f6\u00dfen (20 cm bis 3,50 m) und Formen, \u00a0zu denen seine Frau Beate passende Texte \u00a0gelegt hatte.\u00a0 Der \u00a0Engel-Gestalter erl\u00e4uterte die Entstehungsprozesse sowie die verschiedenen Intentionen der Engel. \u201eDie H\u00f6lzer sind meistens Zufallsprodukte bei Holzarbeiten oder Fundst\u00fccke, die mich dann inspirieren, ihnen Gestalt zu geben. Meistens finden diese H\u00f6lzer aber erst nach Jahren der Trocknung ihre Bestimmung\u201c, erkl\u00e4rte Hans Hanekamp und f\u00fcgte\u00a0 hinzu: \u201eDie Steine, die bei vielen Engeln die K\u00f6pfe bilden, sind oftmals Mitbringsel aus allen Teilen der Welt.\u201c \u00a0\u00a0So sei \u00a0z.B. der \u201eEngel \u00a0der F\u00fcrsorge\u201c aus Ulme gefertigt worden, der Kopf w\u00fcrde aus D\u00e4nemark und der Fu\u00df aus Mallorca stammen.\u00a0 \u201eBei der \u00a0genauen Ausgestaltung der Figuren experimentiere \u00a0ich \u00a0mit Kopfhaltung, Bearbeitung des Holzes und \u00a0Intention der Darstellung\u201c, sagte Hanekamp. \u00a0Schon seit seiner Jugend\u00a0 sei er fasziniert gewesen \u00a0von der W\u00e4rme und Vielfalt des Materials Holz. Vor 4 Jahren habe er damit begonnen, \u00a0mit nur \u00a0wenigen Werkzeugen aus den unterschiedlichsten H\u00f6lzern Engel zum Leben zu erwecken und \u00a0damit neben seiner Musik\u00a0 eine weitere M\u00f6glichkeit des pers\u00f6nlichen\u00a0 Ausdrucks gefunden. \u00a0\u201eSplitter und Fasern lasse ich oft \u00a0naturgem\u00e4\u00df\u00a0 so und poliere nicht alle glatt\u201c, sagte Hanekamp, der die Besuchergruppe schlie\u00dflich noch zu einer ungew\u00f6hnlichen mit Stacheldraht umwickelten Engelskulptur f\u00fchrte. \u201eDer Kopf stammt von dem Gel\u00e4nde des ehemaligen Konzentrationslagers Esterwegen\u201c, erw\u00e4hnte er, \u00a0\u201eund\u00a0 so habe ich ihn \u00a0\u201eEngel des Leids\u201c genannt.\u201c \u00a0Ebenso beeindruckt waren die \u00a0Engelliebhaber vom \u00a0\u201eEngel des Lichtes\u201c mit seinen weit ausgebreiteten Fl\u00fcgeln aus Eiche und \u00a0einem\u00a0 Kopf aus Polarstein.\u00a0 \u201eDer Kopfstein leuchtet bei direkter Lichteinstrahlung\u201c, erw\u00e4hnte Hanekamp und ist davon \u00fcberzeugt: \u201eEngel k\u00f6nnen auch Licht sein, das f\u00fcr einen kurzen Moment die Dunkelheit erhellt.\u201c<\/p>\n<p>Hans Hanekamp, der seit \u00fcber\u00a0 30 Jahren Dirigent der Kolpingskapelle S\u00f6gel ist, seit 40 Jahren die Kirchenorgel spielt und zudem noch K\u00fcster ist,\u00a0 hat dem Betrachter mit seiner Ausstellung \u00a0viele Facetten der Darstellung von Engeln er\u00f6ffnet und jeden auf seine Weise angesprochen.\u00a0 Die Nachfrage war so stark, dass gleich alle Figuren verkauft werden konnten.\u00a0 Den Erl\u00f6s hat Hans Hanekamp f\u00fcr einen guten Zweck gespendet. \u00a0\u201eIch habe mich riesig gefreut, dass ich mit meinen gestalteten Engeln so viele Herzen \u00f6ffnen konnte\u201c, sagte er\u00a0 ger\u00fchrt und versprach eine erneute Ausstellung,\u2026 \u201esobald wieder gen\u00fcgend Engel den H\u00f6lzern \u00a0entwachsen sind.\u201c<\/p>\n<p>Text: Gisela Arling \/ Fotos: Daniel Gollin (Foto mit H.Hanekamp)\u00a0 u. Ulrike R\u00f6tepohl\u00a0 weitere Engelfotos<\/p>\n<p><a href=\"https:\/\/www.forum-soegel.de\/information\/wp-content\/uploads\/2015\/12\/Engelausstellung-\u201eZwischen-Himmel-und-Erde\u201c-in-der-St.-Jakobus-Kirche-S\u00f6gel2.jpg\"><img loading=\"lazy\" decoding=\"async\" class=\"alignnone size-thumbnail wp-image-17887\" title=\"Engelausstellung  \u201eZwischen Himmel und Erde\u201c in der St. Jakobus-Kirche S\u00f6gel2\" src=\"https:\/\/www.forum-soegel.de\/information\/wp-content\/uploads\/2015\/12\/Engelausstellung-\u201eZwischen-Himmel-und-Erde\u201c-in-der-St.-Jakobus-Kirche-S\u00f6gel2-150x150.jpg\" alt=\"\" width=\"150\" height=\"150\" \/><\/a>\u00a0\u00a0<a href=\"https:\/\/www.forum-soegel.de\/information\/wp-content\/uploads\/2015\/12\/Engelausstellung-\u201eZwischen-Himmel-und-Erde\u201c-in-der-St.-Jakobus-Kirche-S\u00f6gel3.jpg\"><img loading=\"lazy\" decoding=\"async\" class=\"alignnone size-thumbnail wp-image-17888\" title=\"Engelausstellung  \u201eZwischen Himmel und Erde\u201c in der St. Jakobus-Kirche S\u00f6gel3\" src=\"https:\/\/www.forum-soegel.de\/information\/wp-content\/uploads\/2015\/12\/Engelausstellung-\u201eZwischen-Himmel-und-Erde\u201c-in-der-St.-Jakobus-Kirche-S\u00f6gel3-150x150.jpg\" alt=\"\" width=\"150\" height=\"150\" \/><\/a>\u00a0\u00a0<a href=\"https:\/\/www.forum-soegel.de\/information\/wp-content\/uploads\/2015\/12\/Engelausstellung-\u201eZwischen-Himmel-und-Erde\u201c-in-der-St.-Jakobus-Kirche-S\u00f6gel4.jpg\"><img loading=\"lazy\" decoding=\"async\" class=\"alignnone size-thumbnail wp-image-17889\" title=\"Engelausstellung  \u201eZwischen Himmel und Erde\u201c in der St. Jakobus-Kirche S\u00f6gel4\" src=\"https:\/\/www.forum-soegel.de\/information\/wp-content\/uploads\/2015\/12\/Engelausstellung-\u201eZwischen-Himmel-und-Erde\u201c-in-der-St.-Jakobus-Kirche-S\u00f6gel4-150x150.jpg\" alt=\"\" width=\"150\" height=\"150\" \/><\/a><\/p>\n","protected":false},"excerpt":{"rendered":"S\u00f6gel &#8211; Passend zum 1. Advent \u00a0bot Hans Hanekamp \u00a0eine F\u00fchrung durch seine Engelausstellung in der St. Jakobus-Kirche in\u00a0 S\u00f6gel an, die auf gro\u00dfes Interesse stie\u00df.\u00a0 So zeigte \u00a0er den Besuchern zwanzig seiner \u00a0\u00a0aus verschiedenen H\u00f6lzern gestalteten Engelskulpturen in den unterschiedlichsten Gr\u00f6\u00dfen (20 cm bis 3,50 m) und Formen, \u00a0zu denen seine Frau Beate passende [&hellip;]\n","protected":false},"author":2,"featured_media":0,"comment_status":"closed","ping_status":"closed","sticky":false,"template":"","format":"standard","meta":{"ngg_post_thumbnail":0,"footnotes":""},"categories":[868],"tags":[],"class_list":["post-17886","post","type-post","status-publish","format-standard","hentry","category-zwischen-himmel-und-erde"],"_links":{"self":[{"href":"https:\/\/www.forum-soegel.de\/information\/wp-json\/wp\/v2\/posts\/17886","targetHints":{"allow":["GET"]}}],"collection":[{"href":"https:\/\/www.forum-soegel.de\/information\/wp-json\/wp\/v2\/posts"}],"about":[{"href":"https:\/\/www.forum-soegel.de\/information\/wp-json\/wp\/v2\/types\/post"}],"author":[{"embeddable":true,"href":"https:\/\/www.forum-soegel.de\/information\/wp-json\/wp\/v2\/users\/2"}],"replies":[{"embeddable":true,"href":"https:\/\/www.forum-soegel.de\/information\/wp-json\/wp\/v2\/comments?post=17886"}],"version-history":[{"count":4,"href":"https:\/\/www.forum-soegel.de\/information\/wp-json\/wp\/v2\/posts\/17886\/revisions"}],"predecessor-version":[{"id":17893,"href":"https:\/\/www.forum-soegel.de\/information\/wp-json\/wp\/v2\/posts\/17886\/revisions\/17893"}],"wp:attachment":[{"href":"https:\/\/www.forum-soegel.de\/information\/wp-json\/wp\/v2\/media?parent=17886"}],"wp:term":[{"taxonomy":"category","embeddable":true,"href":"https:\/\/www.forum-soegel.de\/information\/wp-json\/wp\/v2\/categories?post=17886"},{"taxonomy":"post_tag","embeddable":true,"href":"https:\/\/www.forum-soegel.de\/information\/wp-json\/wp\/v2\/tags?post=17886"}],"curies":[{"name":"wp","href":"https:\/\/api.w.org\/{rel}","templated":true}]}}