{"id":17881,"date":"2016-01-01T00:42:31","date_gmt":"2015-12-31T23:42:31","guid":{"rendered":"https:\/\/www.forum-soegel.de\/information\/?p=17881"},"modified":"2015-12-31T17:44:42","modified_gmt":"2015-12-31T16:44:42","slug":"eine-ganz-besondere-kindertagesstatte","status":"publish","type":"post","link":"https:\/\/www.forum-soegel.de\/information\/2016\/01\/eine-ganz-besondere-kindertagesstatte\/","title":{"rendered":"Eine ganz besondere Kindertagesst\u00e4tte"},"content":{"rendered":"<p align=\"center\">Auszeichnung f\u00fcr St. Jakobus in S\u00f6gel<\/p>\n<p align=\"center\">\n<p align=\"left\">S\u00f6gel &#8211; Es sind nicht nur der \u00e4u\u00dfere Rahmen und die neuen R\u00e4umlichkeiten, es\u00a0 ist die vermenschlichte religionsp\u00e4dagogische Komponente, die sich in der Arbeit der Kindertagesst\u00e4tte wiederspiegelt.<\/p>\n<p align=\"left\">Das veranlasste Professor Albert Biesinger, der 2001 gemeinsam mit Friedrich Schweitzer und Helga Kohler-Spiegel die \u201eStiftung Gottesbeziehung<em> <\/em>in Familien\u201c gr\u00fcndete, der Einrichtung in S\u00f6gel \u00a0den Preis f\u00fcr, wie es in der Urkunde hei\u00dft, vorbildliche religi\u00f6se und interreligi\u00f6se Bildung von Eltern und Kindern im Kontext des Projektes \u201eV\u00e4tererz\u00e4hlwerkstatt\u201c zu verleihen.<\/p>\n<p align=\"left\">Die Stiftung hat sich zum Ziel gesetzt, die religi\u00f6se Erziehung in Familien zu f\u00f6rdern. Dazu unterst\u00fctzt sie Projekte in Gemeinden, Schulen, Kindertagesst\u00e4tten und Wissenschaft, die sich diesem Thema widmen.<\/p>\n<p align=\"left\">Bei der \u00dcbergabe des Preisgeldes in H\u00f6he von 2000,00 Euro an die Leiterin\u00a0 der Kindertagesst\u00e4tte, Irmgard Welling betonte Biesinger, das trotz seiner bundesweiten Erfahrungen mit diesen Einrichtungen nur S\u00f6gel diesen Preis verdient hat. Ein gro\u00dfes Lob, wie Irmgard Welling gegen\u00fcber den anwesenden Erzieherinnen und Eltern mit ihren Kindern dankend best\u00e4tigte.<\/p>\n<p align=\"left\">Das Projekt \u2013V\u00e4tererz\u00e4hlwerkstatt \u2013 ist darauf angelegt, so Welling, insbesondere V\u00e4ter als Integrationsfigur mit Gottesbezug in der Familie herauszustellen und einzubeziehen.<\/p>\n<p align=\"left\">Ebenfalls anwesend waren Pfarrer Bernhard Horstmann von der Jakobus Gemeinde, Samtgemeindeb\u00fcrgermeister G\u00fcnter Wigbers sowie B\u00e4rbel Grothe vom Seelsorgeamt Osnabr\u00fcck. Passend zum Anlass \u00fcberreichte sie Irmgard Welling ein Buch mit dem Titel \u201eAnnes Himmel\u201c.<\/p>\n<p align=\"left\">Im Anschluss an die Veranstaltung folgte ein Vortrag von Professor Biesinger zum Thema der \u00fcberarbeiteten Neuauflage seines Buches \u201eKinder nicht um Gott betr\u00fcgen\u201c<\/p>\n<p align=\"left\">Text\/Foto: Klaus Sch\u00e4ffner<\/p>\n<p align=\"left\"><a href=\"https:\/\/www.forum-soegel.de\/information\/wp-content\/uploads\/2015\/12\/Eine-ganz-besondere-Kindertagesst\u00e4tte1.jpg\"><img loading=\"lazy\" decoding=\"async\" class=\"alignnone size-thumbnail wp-image-17882\" title=\"Eine ganz besondere Kindertagesst\u00e4tte1\" src=\"https:\/\/www.forum-soegel.de\/information\/wp-content\/uploads\/2015\/12\/Eine-ganz-besondere-Kindertagesst\u00e4tte1-150x150.jpg\" alt=\"\" width=\"150\" height=\"150\" \/><\/a>\u00a0\u00a0<a href=\"https:\/\/www.forum-soegel.de\/information\/wp-content\/uploads\/2015\/12\/Eine-ganz-besondere-Kindertagesst\u00e4tte2.jpg\"><img loading=\"lazy\" decoding=\"async\" class=\"alignnone size-thumbnail wp-image-17883\" title=\"Eine ganz besondere Kindertagesst\u00e4tte2\" src=\"https:\/\/www.forum-soegel.de\/information\/wp-content\/uploads\/2015\/12\/Eine-ganz-besondere-Kindertagesst\u00e4tte2-150x150.jpg\" alt=\"\" width=\"150\" height=\"150\" \/><\/a>\u00a0\u00a0<a href=\"https:\/\/www.forum-soegel.de\/information\/wp-content\/uploads\/2015\/12\/Eine-ganz-besondere-Kindertagesst\u00e4tte3.jpg\"><img loading=\"lazy\" decoding=\"async\" class=\"alignnone size-thumbnail wp-image-17884\" title=\"Eine ganz besondere Kindertagesst\u00e4tte3\" src=\"https:\/\/www.forum-soegel.de\/information\/wp-content\/uploads\/2015\/12\/Eine-ganz-besondere-Kindertagesst\u00e4tte3-150x150.jpg\" alt=\"\" width=\"150\" height=\"150\" \/><\/a><\/p>\n<p align=\"left\">\n","protected":false},"excerpt":{"rendered":"Auszeichnung f\u00fcr St. Jakobus in S\u00f6gel S\u00f6gel &#8211; Es sind nicht nur der \u00e4u\u00dfere Rahmen und die neuen R\u00e4umlichkeiten, es\u00a0 ist die vermenschlichte religionsp\u00e4dagogische Komponente, die sich in der Arbeit der Kindertagesst\u00e4tte wiederspiegelt. Das veranlasste Professor Albert Biesinger, der 2001 gemeinsam mit Friedrich Schweitzer und Helga Kohler-Spiegel die \u201eStiftung Gottesbeziehung in Familien\u201c gr\u00fcndete, der Einrichtung [&hellip;]\n","protected":false},"author":2,"featured_media":0,"comment_status":"closed","ping_status":"closed","sticky":false,"template":"","format":"standard","meta":{"ngg_post_thumbnail":0,"footnotes":""},"categories":[868],"tags":[],"class_list":["post-17881","post","type-post","status-publish","format-standard","hentry","category-zwischen-himmel-und-erde"],"_links":{"self":[{"href":"https:\/\/www.forum-soegel.de\/information\/wp-json\/wp\/v2\/posts\/17881","targetHints":{"allow":["GET"]}}],"collection":[{"href":"https:\/\/www.forum-soegel.de\/information\/wp-json\/wp\/v2\/posts"}],"about":[{"href":"https:\/\/www.forum-soegel.de\/information\/wp-json\/wp\/v2\/types\/post"}],"author":[{"embeddable":true,"href":"https:\/\/www.forum-soegel.de\/information\/wp-json\/wp\/v2\/users\/2"}],"replies":[{"embeddable":true,"href":"https:\/\/www.forum-soegel.de\/information\/wp-json\/wp\/v2\/comments?post=17881"}],"version-history":[{"count":1,"href":"https:\/\/www.forum-soegel.de\/information\/wp-json\/wp\/v2\/posts\/17881\/revisions"}],"predecessor-version":[{"id":17885,"href":"https:\/\/www.forum-soegel.de\/information\/wp-json\/wp\/v2\/posts\/17881\/revisions\/17885"}],"wp:attachment":[{"href":"https:\/\/www.forum-soegel.de\/information\/wp-json\/wp\/v2\/media?parent=17881"}],"wp:term":[{"taxonomy":"category","embeddable":true,"href":"https:\/\/www.forum-soegel.de\/information\/wp-json\/wp\/v2\/categories?post=17881"},{"taxonomy":"post_tag","embeddable":true,"href":"https:\/\/www.forum-soegel.de\/information\/wp-json\/wp\/v2\/tags?post=17881"}],"curies":[{"name":"wp","href":"https:\/\/api.w.org\/{rel}","templated":true}]}}