{"id":17717,"date":"2015-11-30T21:15:32","date_gmt":"2015-11-30T20:15:32","guid":{"rendered":"https:\/\/www.forum-soegel.de\/information\/?p=17717"},"modified":"2015-12-09T21:15:46","modified_gmt":"2015-12-09T20:15:46","slug":"advent-auf-schloss-clemenswerth-mit-100-ausstellern","status":"publish","type":"post","link":"https:\/\/www.forum-soegel.de\/information\/2015\/11\/advent-auf-schloss-clemenswerth-mit-100-ausstellern\/","title":{"rendered":"Advent auf Schloss Clemenswerth mit 100 Ausstellern"},"content":{"rendered":"<p><a href=\"https:\/\/www.forum-soegel.de\/information\/wp-content\/uploads\/2015\/12\/Text-Adventsmarkt1.jpg\"><img loading=\"lazy\" decoding=\"async\" class=\"alignleft size-medium wp-image-17718\" title=\"Text Adventsmarkt1\" src=\"https:\/\/www.forum-soegel.de\/information\/wp-content\/uploads\/2015\/12\/Text-Adventsmarkt1-300x151.jpg\" alt=\"\" width=\"300\" height=\"151\" srcset=\"https:\/\/www.forum-soegel.de\/information\/wp-content\/uploads\/2015\/12\/Text-Adventsmarkt1-300x151.jpg 300w, https:\/\/www.forum-soegel.de\/information\/wp-content\/uploads\/2015\/12\/Text-Adventsmarkt1-1024x517.jpg 1024w\" sizes=\"auto, (max-width: 300px) 100vw, 300px\" \/><\/a>S\u00f6gel &#8211; Es sind nur noch wenige Tage, bis der \u201eAdvent auf Schloss Clemenswerth\u201c beginnt. Rings um den Schlossplatz herum und in der Parkplatzallee pr\u00e4sentieren sich in diesem Jahr fast 100 Aussteller mit ihren zum gr\u00f6\u00dften Teil handgefertigten Produkten. Dabei kommt auch das leibliche Wohl nicht zu kurz. Mit den edlen Pagodenzelten und den klassischen Holzh\u00fctten ist der Markt eine Mischung aus weihnachtlicher Landpartie und heimeliger Budenstadt. Die G\u00e4ste aus nah und fern sind am Samstag (5.12.) von 13 bis 22 Uhr und am Sonntag (6.12.) von 11 bis 19 Uhr zum Besuch eingeladen.<\/p>\n<p>Ein Mix aus Angebotsvielfalt und Atmosph\u00e4re des Clemenswerther Weihnachtsmarktes haben sich weit \u00fcber S\u00f6gels Grenzen und auch des Emslandes hinaus herumgesprochen. Neben den Einzelbesuchern hat auch der Weihnachtsmarkttourismus den \u201eAdvent auf Schloss Clemenswerth\u201c f\u00fcr sich entdeckt. Seinen ganz eigenen Charme entfaltet der Markt in der D\u00e4mmerung und in den Abendstunden, wenn die barocke Anlage in ein Meer aus 1.000 Lichtern zum Bummeln und Verweilen einl\u00e4dt \u2013 und das ganz besonders am Samstag, wenn die Pforten bis 22 Uhr ge\u00f6ffnet sind. Musikalisch bereichert wird der 1. Markttag durch die Kolpingkapelle S\u00f6gel, die ab 17.30 Uhr mit weihnachtlicher Blasmusik auftritt.<\/p>\n<p>Am Sonntag, dem Familientag, wird Kindern und Familien einiges geboten. Wie in den letzten Jahren dreht das handbetriebene Karussell wieder seine Runden, und der Nikolaus besucht mit Knecht Ruprecht (14.30 Uhr) den Markt.<\/p>\n<p>Erstmals dabei ist ein weihnachtliches Kasperletheater. In jeweils 20 min\u00fctigen Vorf\u00fchrungen (13 \/ 14 \/ 15 \/ 16 Uhr) werden nicht nur die kleinsten Besucher begeistert.<\/p>\n<p>Der Eintritt zum Markt kostet 3 Euro f\u00fcr Erwachsene, bzw. erm\u00e4\u00dfigt 1 Euro. Wie in den vergangenen Jahren gilt eine ge\u00e4nderte Verkehrsf\u00fchrung f\u00fcr den gesamten Ort. Erstmals nach der Bahnstreckensanierung rollt der Pingel Anton ganz romantisch zwischen Meppen und S\u00f6gel. Infos zu Preisen sowie Abfahrtszeiten sind bei der Tourist Info in Werlte unter Tel.<\/p>\n<p>05951-20157 erh\u00e4ltlich.<\/p>\n<p><strong>Alle Infos zum Markt finden sich auch unter www.clemenswerth.de<\/strong><\/p>\n<p>&nbsp;<\/p>\n<p><strong>Programm<\/strong><\/p>\n<p><strong>Samstag, 5. Dezember (Markt 13 &#8211; 22 Uhr)<\/strong><\/p>\n<p>15 Uhr\u00a0\u00a0\u00a0\u00a0\u00a0\u00a0\u00a0\u00a0\u00a0\u00a0\u00a0\u00a0\u00a0 offizielle Begr\u00fc\u00dfung durch Hermann Br\u00f6ring, Gitta Connemann,<\/p>\n<p>Irmgard Welling und Oliver Fok, es spielt eine Delegation der Kolpingkapelle S\u00f6gel e.V.<\/p>\n<p>17.30 Uhr\u00a0\u00a0\u00a0\u00a0\u00a0\u00a0\u00a0\u00a0 Vorweihnachtliches Blaskonzert mit der Kolpingkapelle S\u00f6gel e.V.<\/p>\n<p>&nbsp;<\/p>\n<p><strong>Sonntag, 6. Dezember (Markt 11 &#8211; 19 Uhr)<\/strong><\/p>\n<p>ganzt\u00e4gig\u00a0\u00a0\u00a0\u00a0\u00a0\u00a0\u00a0\u00a0\u00a0\u00a0\u00a0\u00a0\u00a0\u00a0\u00a0\u00a0\u00a0\u00a0\u00a0\u00a0\u00a0\u00a0\u00a0\u00a0\u00a0\u00a0\u00a0\u00a0\u00a0\u00a0\u00a0\u00a0 Kinderkarussell<\/p>\n<p>13 \/ 14 \/ 15 \/ 16 Uhr<\/p>\n<p>Mobiles Kasperletheater Osnabr\u00fcck<\/p>\n<p>14.30 Uhr\u00a0\u00a0\u00a0\u00a0\u00a0\u00a0\u00a0\u00a0 Besuch von Nikolaus \u00a0und Knecht Ruprecht<\/p>\n<p>An beiden Tagen sorgt Stra\u00dfenorgelmusik f\u00fcr nostalgisches Flair.<\/p>\n<p>Text: Ramona Krons \/ Foto: siehe unten!!!<\/p>\n<p>Foto1: Manfred Bergmann<\/p>\n<p>Foto2: Poker Photography<\/p>\n<p><a href=\"https:\/\/www.forum-soegel.de\/information\/wp-content\/uploads\/2015\/12\/Text-Adventsmarkt2.jpg\"><img loading=\"lazy\" decoding=\"async\" class=\"alignnone size-medium wp-image-17719\" title=\"Text Adventsmarkt2\" src=\"https:\/\/www.forum-soegel.de\/information\/wp-content\/uploads\/2015\/12\/Text-Adventsmarkt2-300x215.jpg\" alt=\"\" width=\"300\" height=\"215\" srcset=\"https:\/\/www.forum-soegel.de\/information\/wp-content\/uploads\/2015\/12\/Text-Adventsmarkt2-300x215.jpg 300w, https:\/\/www.forum-soegel.de\/information\/wp-content\/uploads\/2015\/12\/Text-Adventsmarkt2.jpg 1024w\" sizes=\"auto, (max-width: 300px) 100vw, 300px\" \/><\/a><\/p>\n","protected":false},"excerpt":{"rendered":"S\u00f6gel &#8211; Es sind nur noch wenige Tage, bis der \u201eAdvent auf Schloss Clemenswerth\u201c beginnt. Rings um den Schlossplatz herum und in der Parkplatzallee pr\u00e4sentieren sich in diesem Jahr fast 100 Aussteller mit ihren zum gr\u00f6\u00dften Teil handgefertigten Produkten. Dabei kommt auch das leibliche Wohl nicht zu kurz. Mit den edlen Pagodenzelten und den klassischen [&hellip;]\n","protected":false},"author":2,"featured_media":0,"comment_status":"closed","ping_status":"closed","sticky":false,"template":"","format":"standard","meta":{"ngg_post_thumbnail":0,"footnotes":""},"categories":[3],"tags":[],"class_list":["post-17717","post","type-post","status-publish","format-standard","hentry","category-aktuelles-aus-der-region"],"_links":{"self":[{"href":"https:\/\/www.forum-soegel.de\/information\/wp-json\/wp\/v2\/posts\/17717","targetHints":{"allow":["GET"]}}],"collection":[{"href":"https:\/\/www.forum-soegel.de\/information\/wp-json\/wp\/v2\/posts"}],"about":[{"href":"https:\/\/www.forum-soegel.de\/information\/wp-json\/wp\/v2\/types\/post"}],"author":[{"embeddable":true,"href":"https:\/\/www.forum-soegel.de\/information\/wp-json\/wp\/v2\/users\/2"}],"replies":[{"embeddable":true,"href":"https:\/\/www.forum-soegel.de\/information\/wp-json\/wp\/v2\/comments?post=17717"}],"version-history":[{"count":2,"href":"https:\/\/www.forum-soegel.de\/information\/wp-json\/wp\/v2\/posts\/17717\/revisions"}],"predecessor-version":[{"id":17721,"href":"https:\/\/www.forum-soegel.de\/information\/wp-json\/wp\/v2\/posts\/17717\/revisions\/17721"}],"wp:attachment":[{"href":"https:\/\/www.forum-soegel.de\/information\/wp-json\/wp\/v2\/media?parent=17717"}],"wp:term":[{"taxonomy":"category","embeddable":true,"href":"https:\/\/www.forum-soegel.de\/information\/wp-json\/wp\/v2\/categories?post=17717"},{"taxonomy":"post_tag","embeddable":true,"href":"https:\/\/www.forum-soegel.de\/information\/wp-json\/wp\/v2\/tags?post=17717"}],"curies":[{"name":"wp","href":"https:\/\/api.w.org\/{rel}","templated":true}]}}