{"id":17703,"date":"2015-11-30T21:01:22","date_gmt":"2015-11-30T20:01:22","guid":{"rendered":"https:\/\/www.forum-soegel.de\/information\/?p=17703"},"modified":"2015-12-09T21:02:14","modified_gmt":"2015-12-09T20:02:14","slug":"informationen-zur-ehrenamtlichen-fluchtlingshilfe","status":"publish","type":"post","link":"https:\/\/www.forum-soegel.de\/information\/2015\/11\/informationen-zur-ehrenamtlichen-fluchtlingshilfe\/","title":{"rendered":"Informationen zur ehrenamtlichen Fl\u00fcchtlingshilfe"},"content":{"rendered":"<p>Am 07. November fand eine Veranstaltung zur Koordinierung der ehrenamtlichen Fl\u00fcchtlingshilfe statt. Auf dieser Veranstaltung wurden Arbeitsgruppen gebildet, die ehrenamtliche Hilfe strukturieren sollen.<\/p>\n<p>Jede Gruppe verf\u00fcgt \u00fcber einen Sprecher als Hauptansprechpartner, au\u00dferdem finden regelm\u00e4\u00dfige offene Gruppentreffen statt, an denen jeder teilnehmen k\u00f6nnen, um sich zu informieren und sich den Gruppen anzuschlie\u00dfen.<\/p>\n<p align=\"center\"><strong><span style=\"text-decoration: underline;\">\u00a0<\/span><\/strong><\/p>\n<p><strong><span style=\"text-decoration: underline;\">Patenschaften<\/span><\/strong><\/p>\n<p>Wer v\u00f6llig neu in unserer Samtgemeinde ankommt braucht Hilfe bei den einfachsten Dingen. Die Mitglieder dieser Gruppe \u00fcbernehmen Patenschaften f\u00fcr neu eintreffende Familien oder Wohngemeinschaften, um Ihnen das Einleben zu erleichtern.<\/p>\n<p>Sie helfen unkompliziert bei allt\u00e4glichen Problemen wie Beh\u00f6rdeng\u00e4ngen oder dem Erkunden der \u00f6ffentlichen Verkehrsmittel.<\/p>\n<p>&nbsp;<\/p>\n<p><span style=\"text-decoration: underline;\">Termin:<\/span> \u00a0\u00a0\u00a0\u00a0\u00a0\u00a0\u00a0\u00a0\u00a0\u00a0\u00a0\u00a0\u00a0\u00a0\u00a0\u00a0\u00a0\u00a0\u00a0\u00a0\u00a0\u00a0\u00a0\u00a0\u00a0\u00a0\u00a0\u00a0 1. Dienstag im Monat, 18:30 &#8211; 19:30 Uhr<\/p>\n<p>N\u00e4chster Termin: 1. Dezember<\/p>\n<p>Willkommensb\u00fcro<\/p>\n<p>Am Pohlkamp 7<\/p>\n<p><span style=\"text-decoration: underline;\">Ansprechpartner:<\/span>\u00a0\u00a0\u00a0\u00a0\u00a0\u00a0\u00a0\u00a0 Hermann Brinker (0157\/73668369)<\/p>\n<p>&nbsp;<\/p>\n<p><strong><span style=\"text-decoration: underline;\">\u00a0<\/span><\/strong><\/p>\n<p><strong><span style=\"text-decoration: underline;\">Freizeit<\/span><\/strong><\/p>\n<p>Freizeitangebote bieten unsch\u00e4tzbare M\u00f6glichkeiten f\u00fcr Austausch, Verst\u00e4ndigung und Kontakt. In dieser Gruppe werden solche Angebote geplant und organisiert.<\/p>\n<p>&nbsp;<\/p>\n<p><span style=\"text-decoration: underline;\">Termin:<\/span>\u00a0\u00a0\u00a0\u00a0\u00a0\u00a0\u00a0\u00a0\u00a0\u00a0\u00a0\u00a0\u00a0\u00a0\u00a0\u00a0\u00a0\u00a0\u00a0\u00a0\u00a0\u00a0\u00a0\u00a0\u00a0\u00a0\u00a0\u00a0\u00a0 Jeden 2. Dienstag 17:00 \u2013 18:00 Uhr<\/p>\n<p>N\u00e4chster Termin: 1. Dezember<\/p>\n<p>Willkommensb\u00fcro<\/p>\n<p>Am Pohlkamp 7<\/p>\n<p><span style=\"text-decoration: underline;\">Ansprechpartner:<\/span>\u00a0\u00a0\u00a0\u00a0\u00a0\u00a0\u00a0\u00a0 Dr. Hans-J\u00fcrgen Peters (05952\/1562)<\/p>\n<p>&nbsp;<\/p>\n<p><strong><span style=\"text-decoration: underline;\">Mobilit\u00e4t<\/span><\/strong><\/p>\n<p>Im l\u00e4ndlichen Raum ist das Leben ohne Auto oder Fahrrad eine gro\u00dfe Herausforderung. Die Mitglieder dieser Gruppe m\u00f6chten Fahrdienste (z.B. zum Bahnhof) auf Anfrage anbieten und k\u00fcmmern sich z.B. um die Besorgung und Instandhaltung von Fahrr\u00e4dern.<\/p>\n<p>&nbsp;<\/p>\n<p><span style=\"text-decoration: underline;\">Termin:<\/span>\u00a0\u00a0\u00a0\u00a0\u00a0\u00a0\u00a0\u00a0\u00a0\u00a0\u00a0\u00a0\u00a0\u00a0\u00a0\u00a0\u00a0\u00a0\u00a0\u00a0\u00a0\u00a0\u00a0\u00a0\u00a0\u00a0\u00a0\u00a0\u00a0 Montag, 30. November, 19:00 \u2013 20:00 Uhr<\/p>\n<p>Willkommensb\u00fcro<\/p>\n<p>Am Pohlkamp 7<\/p>\n<p><span style=\"text-decoration: underline;\">Ansprechpartner:<\/span>\u00a0\u00a0\u00a0\u00a0\u00a0\u00a0\u00a0\u00a0 Noch zu bestimmen<\/p>\n<p>&nbsp;<\/p>\n<p><strong><span style=\"text-decoration: underline;\">Sprache<\/span><\/strong><\/p>\n<p>Das Erlernen der deutschen Sprache ist der wichtigste Schl\u00fcssel zu einer erfolgreichen Integration. Diese Gruppe bietet kostenlosen, offenen Sprachunterricht f\u00fcr Fl\u00fcchtlinge an. Sowohl Lehrer als auch Helfer, die den Unterricht unterst\u00fctzen k\u00f6nnen noch gebraucht werden. Am unten genannten Termin werden die R\u00e4umlichkeiten besichtigt und die Kursstunden besetzt.<\/p>\n<p>&nbsp;<\/p>\n<p><span style=\"text-decoration: underline;\">Termin:<\/span>\u00a0\u00a0\u00a0\u00a0\u00a0\u00a0\u00a0\u00a0\u00a0\u00a0\u00a0\u00a0\u00a0\u00a0\u00a0\u00a0\u00a0\u00a0\u00a0\u00a0\u00a0\u00a0\u00a0\u00a0\u00a0\u00a0\u00a0\u00a0\u00a0 Donnerstag, 26. November, 10:30 Uhr<\/p>\n<p>Wei\u00dfes Haus<\/p>\n<p>Am Prinzenkamp 10<\/p>\n<p><span style=\"text-decoration: underline;\">Ansprechpartner:<\/span>\u00a0\u00a0\u00a0\u00a0\u00a0\u00a0\u00a0\u00a0 Burkhardt Pracht (05952 98071)<\/p>\n<p><strong>\u00a0<\/strong><\/p>\n<p><strong>\u00a0<\/strong><\/p>\n<p><strong>Informationsplattform<\/strong><\/p>\n<p>Als Informationsplattform wurde eine Internetseite unter der Adresse<\/p>\n<p>&nbsp;<\/p>\n<p align=\"center\"><strong><span style=\"text-decoration: underline;\">www.refugees.soegel.de<\/span><\/strong><\/p>\n<p>&nbsp;<\/p>\n<p>eingerichtet. Dort sind aktuelle Informationen sowohl f\u00fcr Fl\u00fcchtlinge, als auch zur ehrenamtlichen Hilfe und zu Spenden zu finden.<\/p>\n<p><strong>\u00a0<\/strong><\/p>\n<p>Johannes Brachem, Fl\u00fcchtlingsbeauftragter<\/p>\n<p>&nbsp;<\/p>\n","protected":false},"excerpt":{"rendered":"Am 07. November fand eine Veranstaltung zur Koordinierung der ehrenamtlichen Fl\u00fcchtlingshilfe statt. Auf dieser Veranstaltung wurden Arbeitsgruppen gebildet, die ehrenamtliche Hilfe strukturieren sollen. Jede Gruppe verf\u00fcgt \u00fcber einen Sprecher als Hauptansprechpartner, au\u00dferdem finden regelm\u00e4\u00dfige offene Gruppentreffen statt, an denen jeder teilnehmen k\u00f6nnen, um sich zu informieren und sich den Gruppen anzuschlie\u00dfen. \u00a0 Patenschaften Wer v\u00f6llig [&hellip;]\n","protected":false},"author":2,"featured_media":0,"comment_status":"closed","ping_status":"closed","sticky":false,"template":"","format":"standard","meta":{"ngg_post_thumbnail":0,"footnotes":""},"categories":[3],"tags":[],"class_list":["post-17703","post","type-post","status-publish","format-standard","hentry","category-aktuelles-aus-der-region"],"_links":{"self":[{"href":"https:\/\/www.forum-soegel.de\/information\/wp-json\/wp\/v2\/posts\/17703","targetHints":{"allow":["GET"]}}],"collection":[{"href":"https:\/\/www.forum-soegel.de\/information\/wp-json\/wp\/v2\/posts"}],"about":[{"href":"https:\/\/www.forum-soegel.de\/information\/wp-json\/wp\/v2\/types\/post"}],"author":[{"embeddable":true,"href":"https:\/\/www.forum-soegel.de\/information\/wp-json\/wp\/v2\/users\/2"}],"replies":[{"embeddable":true,"href":"https:\/\/www.forum-soegel.de\/information\/wp-json\/wp\/v2\/comments?post=17703"}],"version-history":[{"count":1,"href":"https:\/\/www.forum-soegel.de\/information\/wp-json\/wp\/v2\/posts\/17703\/revisions"}],"predecessor-version":[{"id":17704,"href":"https:\/\/www.forum-soegel.de\/information\/wp-json\/wp\/v2\/posts\/17703\/revisions\/17704"}],"wp:attachment":[{"href":"https:\/\/www.forum-soegel.de\/information\/wp-json\/wp\/v2\/media?parent=17703"}],"wp:term":[{"taxonomy":"category","embeddable":true,"href":"https:\/\/www.forum-soegel.de\/information\/wp-json\/wp\/v2\/categories?post=17703"},{"taxonomy":"post_tag","embeddable":true,"href":"https:\/\/www.forum-soegel.de\/information\/wp-json\/wp\/v2\/tags?post=17703"}],"curies":[{"name":"wp","href":"https:\/\/api.w.org\/{rel}","templated":true}]}}