{"id":17639,"date":"2015-12-09T20:26:49","date_gmt":"2015-12-09T19:26:49","guid":{"rendered":"https:\/\/www.forum-soegel.de\/information\/?p=17639"},"modified":"2015-12-09T20:26:49","modified_gmt":"2015-12-09T19:26:49","slug":"raiffeisenbank-emsland-mitte-eg-stiftet-trainingsanzuge-fur-jugendtrainer-und-schiedsrichter-des-sv-djk-werpeloh","status":"publish","type":"post","link":"https:\/\/www.forum-soegel.de\/information\/2015\/12\/raiffeisenbank-emsland-mitte-eg-stiftet-trainingsanzuge-fur-jugendtrainer-und-schiedsrichter-des-sv-djk-werpeloh\/","title":{"rendered":"Raiffeisenbank Emsland-Mitte eG stiftet Trainingsanz\u00fcge f\u00fcr Jugendtrainer und Schiedsrichter des SV DJK Werpeloh"},"content":{"rendered":"<p>S\u00f6gel &#8211; Eine gro\u00dfz\u00fcgige Spende der Raiffeisenbank Emsland-Mitte eG durfte der SV DJK Werpeloh entgegennehmen. Die Bank stattete die ehrenamtlichen Trainer des Nachwuchses sowie die Schiedsrichter des Vereins mit neuen Trainingsanz\u00fcgen aus. Somit ist auch im Jugendbereich der einheitlich rot-wei\u00dfe Look der Werpeloher gew\u00e4hrleistet und fl\u00f6\u00dft hoffentlich den Gegnern noch mehr Respekt ein. Im Rahmen der \u00dcbergabe bedankte sich der 1. Vorsitzende Carsten Francke bei Christoph Breer, Leiter der Raiffeisenbank Emsland-Mitte eG in Werpeloh, und vor allem bei den Trainern und Schiedsrichtern f\u00fcr die wertvolle Arbeit.<\/p>\n<p>Text\/Foto: SV DJK WERPELOH<\/p>\n<div id=\"attachment_17640\" style=\"width: 310px\" class=\"wp-caption alignnone\"><a href=\"https:\/\/www.forum-soegel.de\/information\/wp-content\/uploads\/2015\/12\/Raiffeisenbank-Emsland-Mitte-eG-stiftet-Trainingsanz\u00fcge-f\u00fcr-Jugendtrainer-und-Schiedsrichter-des-SV-DJK-Werpeloh.jpg\"><img loading=\"lazy\" decoding=\"async\" aria-describedby=\"caption-attachment-17640\" class=\"size-medium wp-image-17640\" title=\"Raiffeisenbank Emsland-Mitte eG stiftet Trainingsanz\u00fcge f\u00fcr Jugendtrainer und Schiedsrichter des SV DJK Werpeloh\" src=\"https:\/\/www.forum-soegel.de\/information\/wp-content\/uploads\/2015\/12\/Raiffeisenbank-Emsland-Mitte-eG-stiftet-Trainingsanz\u00fcge-f\u00fcr-Jugendtrainer-und-Schiedsrichter-des-SV-DJK-Werpeloh-300x225.jpg\" alt=\"\" width=\"300\" height=\"225\" srcset=\"https:\/\/www.forum-soegel.de\/information\/wp-content\/uploads\/2015\/12\/Raiffeisenbank-Emsland-Mitte-eG-stiftet-Trainingsanz\u00fcge-f\u00fcr-Jugendtrainer-und-Schiedsrichter-des-SV-DJK-Werpeloh-300x225.jpg 300w, https:\/\/www.forum-soegel.de\/information\/wp-content\/uploads\/2015\/12\/Raiffeisenbank-Emsland-Mitte-eG-stiftet-Trainingsanz\u00fcge-f\u00fcr-Jugendtrainer-und-Schiedsrichter-des-SV-DJK-Werpeloh.jpg 1024w\" sizes=\"auto, (max-width: 300px) 100vw, 300px\" \/><\/a><p id=\"caption-attachment-17640\" class=\"wp-caption-text\">Hinten von li. nach re.: Wilfried Hermes, Markus Breer, Tobias Sievers, Peter Luckau, Martin Sievers, Willi Funke, Johannes Siemer, Friedhelm Hermes, Christoph Breer (RaiBa El-Mitte) Vorne von li. Nach re.: G\u00fcnther M\u00f6hlenkamp, Andreas Sievers, Annemarie Lucks, Anne Eilers, Rudi Wucherpfennig Es fehlen: Bastian Christochowitz, Roberto Mattert<\/p><\/div>\n","protected":false},"excerpt":{"rendered":"S\u00f6gel &#8211; Eine gro\u00dfz\u00fcgige Spende der Raiffeisenbank Emsland-Mitte eG durfte der SV DJK Werpeloh entgegennehmen. Die Bank stattete die ehrenamtlichen Trainer des Nachwuchses sowie die Schiedsrichter des Vereins mit neuen Trainingsanz\u00fcgen aus. Somit ist auch im Jugendbereich der einheitlich rot-wei\u00dfe Look der Werpeloher gew\u00e4hrleistet und fl\u00f6\u00dft hoffentlich den Gegnern noch mehr Respekt ein. Im Rahmen [&hellip;]\n","protected":false},"author":2,"featured_media":0,"comment_status":"closed","ping_status":"closed","sticky":false,"template":"","format":"standard","meta":{"ngg_post_thumbnail":0,"footnotes":""},"categories":[5],"tags":[],"class_list":["post-17639","post","type-post","status-publish","format-standard","hentry","category-was-machen-die-vereine"],"_links":{"self":[{"href":"https:\/\/www.forum-soegel.de\/information\/wp-json\/wp\/v2\/posts\/17639","targetHints":{"allow":["GET"]}}],"collection":[{"href":"https:\/\/www.forum-soegel.de\/information\/wp-json\/wp\/v2\/posts"}],"about":[{"href":"https:\/\/www.forum-soegel.de\/information\/wp-json\/wp\/v2\/types\/post"}],"author":[{"embeddable":true,"href":"https:\/\/www.forum-soegel.de\/information\/wp-json\/wp\/v2\/users\/2"}],"replies":[{"embeddable":true,"href":"https:\/\/www.forum-soegel.de\/information\/wp-json\/wp\/v2\/comments?post=17639"}],"version-history":[{"count":1,"href":"https:\/\/www.forum-soegel.de\/information\/wp-json\/wp\/v2\/posts\/17639\/revisions"}],"predecessor-version":[{"id":17641,"href":"https:\/\/www.forum-soegel.de\/information\/wp-json\/wp\/v2\/posts\/17639\/revisions\/17641"}],"wp:attachment":[{"href":"https:\/\/www.forum-soegel.de\/information\/wp-json\/wp\/v2\/media?parent=17639"}],"wp:term":[{"taxonomy":"category","embeddable":true,"href":"https:\/\/www.forum-soegel.de\/information\/wp-json\/wp\/v2\/categories?post=17639"},{"taxonomy":"post_tag","embeddable":true,"href":"https:\/\/www.forum-soegel.de\/information\/wp-json\/wp\/v2\/tags?post=17639"}],"curies":[{"name":"wp","href":"https:\/\/api.w.org\/{rel}","templated":true}]}}