{"id":17630,"date":"2015-12-09T20:22:02","date_gmt":"2015-12-09T19:22:02","guid":{"rendered":"https:\/\/www.forum-soegel.de\/information\/?p=17630"},"modified":"2015-12-09T20:22:02","modified_gmt":"2015-12-09T19:22:02","slug":"einlaufkinder-beim-sv-meppen","status":"publish","type":"post","link":"https:\/\/www.forum-soegel.de\/information\/2015\/12\/einlaufkinder-beim-sv-meppen\/","title":{"rendered":"Einlaufkinder beim SV Meppen"},"content":{"rendered":"<div id=\"attachment_17631\" style=\"width: 310px\" class=\"wp-caption alignnone\"><a href=\"https:\/\/www.forum-soegel.de\/information\/wp-content\/uploads\/2015\/12\/Einlaufkinder-beim-SV-Meppen.jpg\"><img loading=\"lazy\" decoding=\"async\" aria-describedby=\"caption-attachment-17631\" class=\"size-medium wp-image-17631\" title=\"Einlaufkinder beim SV Meppen\" src=\"https:\/\/www.forum-soegel.de\/information\/wp-content\/uploads\/2015\/12\/Einlaufkinder-beim-SV-Meppen-300x168.jpg\" alt=\"\" width=\"300\" height=\"168\" srcset=\"https:\/\/www.forum-soegel.de\/information\/wp-content\/uploads\/2015\/12\/Einlaufkinder-beim-SV-Meppen-300x168.jpg 300w, https:\/\/www.forum-soegel.de\/information\/wp-content\/uploads\/2015\/12\/Einlaufkinder-beim-SV-Meppen.jpg 1024w\" sizes=\"auto, (max-width: 300px) 100vw, 300px\" \/><\/a><p id=\"caption-attachment-17631\" class=\"wp-caption-text\">Stavern - Das gro\u00dfe Los haben die Kinder der F-Jugend des SV Stavern gezogen. Beim Spiel gegen die Mannschaft des TV Havelse durften die Jungen und M\u00e4dchen an der Seite der Spieler des SV Meppen auf das Spielfeld der H\u00e4nsch Arena in Meppen einlaufen. Zu diesem gro\u00dfen Ereignis waren auch die Familien eingeladen das Einlauf ihrer Kinder und auch das Spiel anzuschauen. Aufgrund der Bewerbung beim SV Meppen durch Ihren Trainer, Reiner Schuckenbrock, konnten die Kinder an diesem Ereignis teilhaben. Mit viel Begeisterung feuerten sie die Mannschaft des SV Meppen an, doch leider reichte es nicht zu einem Sieg.<\/p><\/div>\n<p>Text: Anke Schuckenbrock \/ Foto: Reiner Schuckenbrock<\/p>\n","protected":false},"excerpt":{"rendered":"Text: Anke Schuckenbrock \/ Foto: Reiner Schuckenbrock\n","protected":false},"author":2,"featured_media":0,"comment_status":"closed","ping_status":"closed","sticky":false,"template":"","format":"standard","meta":{"ngg_post_thumbnail":0,"footnotes":""},"categories":[5],"tags":[],"class_list":["post-17630","post","type-post","status-publish","format-standard","hentry","category-was-machen-die-vereine"],"_links":{"self":[{"href":"https:\/\/www.forum-soegel.de\/information\/wp-json\/wp\/v2\/posts\/17630","targetHints":{"allow":["GET"]}}],"collection":[{"href":"https:\/\/www.forum-soegel.de\/information\/wp-json\/wp\/v2\/posts"}],"about":[{"href":"https:\/\/www.forum-soegel.de\/information\/wp-json\/wp\/v2\/types\/post"}],"author":[{"embeddable":true,"href":"https:\/\/www.forum-soegel.de\/information\/wp-json\/wp\/v2\/users\/2"}],"replies":[{"embeddable":true,"href":"https:\/\/www.forum-soegel.de\/information\/wp-json\/wp\/v2\/comments?post=17630"}],"version-history":[{"count":1,"href":"https:\/\/www.forum-soegel.de\/information\/wp-json\/wp\/v2\/posts\/17630\/revisions"}],"predecessor-version":[{"id":17632,"href":"https:\/\/www.forum-soegel.de\/information\/wp-json\/wp\/v2\/posts\/17630\/revisions\/17632"}],"wp:attachment":[{"href":"https:\/\/www.forum-soegel.de\/information\/wp-json\/wp\/v2\/media?parent=17630"}],"wp:term":[{"taxonomy":"category","embeddable":true,"href":"https:\/\/www.forum-soegel.de\/information\/wp-json\/wp\/v2\/categories?post=17630"},{"taxonomy":"post_tag","embeddable":true,"href":"https:\/\/www.forum-soegel.de\/information\/wp-json\/wp\/v2\/tags?post=17630"}],"curies":[{"name":"wp","href":"https:\/\/api.w.org\/{rel}","templated":true}]}}