{"id":17627,"date":"2015-12-09T20:20:29","date_gmt":"2015-12-09T19:20:29","guid":{"rendered":"https:\/\/www.forum-soegel.de\/information\/?p=17627"},"modified":"2015-12-09T20:20:29","modified_gmt":"2015-12-09T19:20:29","slug":"neuer-vorstand-des-fordervereins-fur-kinder-und-jugendarbeit-borger-e-v","status":"publish","type":"post","link":"https:\/\/www.forum-soegel.de\/information\/2015\/12\/neuer-vorstand-des-fordervereins-fur-kinder-und-jugendarbeit-borger-e-v\/","title":{"rendered":"Neuer Vorstand des F\u00f6rdervereins f\u00fcr Kinder- und Jugendarbeit B\u00f6rger e.V"},"content":{"rendered":"<p>B\u00f6rger &#8211; Auf der Mitgliederversammlung des F\u00f6rdervereins f\u00fcr Kinder- und Jugendarbeit B\u00f6rger e.V. wurde in diesem Jahr ein neuer Vorstand gew\u00e4hlt. Die neuen Amtstr\u00e4ger versicherten, sich auch weiterhin f\u00fcr die Interessen der Kinder und Jugendlichen der Gemeinde einzusetzen. 1. Vorsitzender Klaus Meyners, 2. Vorsitzende Maike Korten, Kassenwartin Petra Str\u00f6hl, Schriftf\u00fchrerin Frauke Br\u00fcggemann, Pressewart Markus Kla\u00dfen, Beisitzerinnen Ulrike Behrens, Monika Goldenstein, Christine Schmitz.<\/p>\n<p>Text\/Foto: Markus Kla\u00dfen<\/p>\n<div id=\"attachment_17628\" style=\"width: 310px\" class=\"wp-caption alignnone\"><a href=\"https:\/\/www.forum-soegel.de\/information\/wp-content\/uploads\/2015\/12\/Neuer-Vorstand-des-F\u00f6rdervereins-f\u00fcr-Kinder-und-Jugendarbeit-B\u00f6rger-e.V..jpg\"><img loading=\"lazy\" decoding=\"async\" aria-describedby=\"caption-attachment-17628\" class=\"size-medium wp-image-17628\" title=\"Neuer Vorstand des F\u00f6rdervereins f\u00fcr Kinder- und Jugendarbeit B\u00f6rger e.V.\" src=\"https:\/\/www.forum-soegel.de\/information\/wp-content\/uploads\/2015\/12\/Neuer-Vorstand-des-F\u00f6rdervereins-f\u00fcr-Kinder-und-Jugendarbeit-B\u00f6rger-e.V.-300x198.jpg\" alt=\"\" width=\"300\" height=\"198\" srcset=\"https:\/\/www.forum-soegel.de\/information\/wp-content\/uploads\/2015\/12\/Neuer-Vorstand-des-F\u00f6rdervereins-f\u00fcr-Kinder-und-Jugendarbeit-B\u00f6rger-e.V.-300x198.jpg 300w, https:\/\/www.forum-soegel.de\/information\/wp-content\/uploads\/2015\/12\/Neuer-Vorstand-des-F\u00f6rdervereins-f\u00fcr-Kinder-und-Jugendarbeit-B\u00f6rger-e.V..jpg 1024w\" sizes=\"auto, (max-width: 300px) 100vw, 300px\" \/><\/a><p id=\"caption-attachment-17628\" class=\"wp-caption-text\">v. l.: Frauke Br\u00fcggemann, Ulrike Behrens, Monika Goldenstein, Petra Str\u00f6hl, Markus Kla\u00dfen, Maike Korten, Christine Schmitz, Klaus Meyners.<\/p><\/div>\n","protected":false},"excerpt":{"rendered":"B\u00f6rger &#8211; Auf der Mitgliederversammlung des F\u00f6rdervereins f\u00fcr Kinder- und Jugendarbeit B\u00f6rger e.V. wurde in diesem Jahr ein neuer Vorstand gew\u00e4hlt. Die neuen Amtstr\u00e4ger versicherten, sich auch weiterhin f\u00fcr die Interessen der Kinder und Jugendlichen der Gemeinde einzusetzen. 1. Vorsitzender Klaus Meyners, 2. Vorsitzende Maike Korten, Kassenwartin Petra Str\u00f6hl, Schriftf\u00fchrerin Frauke Br\u00fcggemann, Pressewart Markus Kla\u00dfen, [&hellip;]\n","protected":false},"author":2,"featured_media":0,"comment_status":"closed","ping_status":"closed","sticky":false,"template":"","format":"standard","meta":{"ngg_post_thumbnail":0,"footnotes":""},"categories":[5],"tags":[],"class_list":["post-17627","post","type-post","status-publish","format-standard","hentry","category-was-machen-die-vereine"],"_links":{"self":[{"href":"https:\/\/www.forum-soegel.de\/information\/wp-json\/wp\/v2\/posts\/17627","targetHints":{"allow":["GET"]}}],"collection":[{"href":"https:\/\/www.forum-soegel.de\/information\/wp-json\/wp\/v2\/posts"}],"about":[{"href":"https:\/\/www.forum-soegel.de\/information\/wp-json\/wp\/v2\/types\/post"}],"author":[{"embeddable":true,"href":"https:\/\/www.forum-soegel.de\/information\/wp-json\/wp\/v2\/users\/2"}],"replies":[{"embeddable":true,"href":"https:\/\/www.forum-soegel.de\/information\/wp-json\/wp\/v2\/comments?post=17627"}],"version-history":[{"count":1,"href":"https:\/\/www.forum-soegel.de\/information\/wp-json\/wp\/v2\/posts\/17627\/revisions"}],"predecessor-version":[{"id":17629,"href":"https:\/\/www.forum-soegel.de\/information\/wp-json\/wp\/v2\/posts\/17627\/revisions\/17629"}],"wp:attachment":[{"href":"https:\/\/www.forum-soegel.de\/information\/wp-json\/wp\/v2\/media?parent=17627"}],"wp:term":[{"taxonomy":"category","embeddable":true,"href":"https:\/\/www.forum-soegel.de\/information\/wp-json\/wp\/v2\/categories?post=17627"},{"taxonomy":"post_tag","embeddable":true,"href":"https:\/\/www.forum-soegel.de\/information\/wp-json\/wp\/v2\/tags?post=17627"}],"curies":[{"name":"wp","href":"https:\/\/api.w.org\/{rel}","templated":true}]}}