{"id":17624,"date":"2015-12-09T20:18:41","date_gmt":"2015-12-09T19:18:41","guid":{"rendered":"https:\/\/www.forum-soegel.de\/information\/?p=17624"},"modified":"2015-12-09T20:18:41","modified_gmt":"2015-12-09T19:18:41","slug":"theatergruppe-borger-geht-in-kartenvorverkauf","status":"publish","type":"post","link":"https:\/\/www.forum-soegel.de\/information\/2015\/12\/theatergruppe-borger-geht-in-kartenvorverkauf\/","title":{"rendered":"Theatergruppe B\u00f6rger geht in Kartenvorverkauf"},"content":{"rendered":"<p>B\u00f6rger &#8211; &#8222;Alles blo\u00df Theoter&#8220; in B\u00f6rger! Was auf den ersten Blick als politische Posse anmuten mag, entpuppt sich n\u00e4her besehen als der Titel des kommenden Theaterst\u00fccks, das die Spieler der Theatergruppe B\u00f6rger derzeit einstudieren. Unter der Leitung von Regisseur Hans-Hermann Schmees probt das Ensemble bereits seit Anfang Oktober, um die Weichen f\u00fcr eine gelingende Saison 2016 zu stellen.<\/p>\n<p>Neu in diesem Jahr ist die M\u00f6glichkeit des Kartenvorverkaufs, der bereits seit wenigen Tagen (Anfang Dezember) gestartet ist. Die Karten sind im Gemeindeb\u00fcro B\u00f6rger erh\u00e4ltlich. Nach wie vor besteht zudem die M\u00f6glichkeit, Restkarten im Zuge der Abendkasse zu erwerben.<\/p>\n<p>Die Theatergruppe B\u00f6rger freut sich auf Ihren Besuch!<\/p>\n<p>Text: Jan-Bernd M\u00fcller \/ Foto: Theatergruppe B\u00f6rger e. V.<\/p>\n<div id=\"attachment_17625\" style=\"width: 310px\" class=\"wp-caption alignnone\"><a href=\"https:\/\/www.forum-soegel.de\/information\/wp-content\/uploads\/2015\/12\/Theatergruppe-B\u00f6rger-geht-in-Kartenvorverkauf.jpg\"><img loading=\"lazy\" decoding=\"async\" aria-describedby=\"caption-attachment-17625\" class=\"size-medium wp-image-17625\" title=\"Theatergruppe B\u00f6rger geht in Kartenvorverkauf\" src=\"https:\/\/www.forum-soegel.de\/information\/wp-content\/uploads\/2015\/12\/Theatergruppe-B\u00f6rger-geht-in-Kartenvorverkauf-300x229.jpg\" alt=\"\" width=\"300\" height=\"229\" srcset=\"https:\/\/www.forum-soegel.de\/information\/wp-content\/uploads\/2015\/12\/Theatergruppe-B\u00f6rger-geht-in-Kartenvorverkauf-300x229.jpg 300w, https:\/\/www.forum-soegel.de\/information\/wp-content\/uploads\/2015\/12\/Theatergruppe-B\u00f6rger-geht-in-Kartenvorverkauf.jpg 1002w\" sizes=\"auto, (max-width: 300px) 100vw, 300px\" \/><\/a><p id=\"caption-attachment-17625\" class=\"wp-caption-text\">Das Spielerensemble der Theatergruppe B\u00f6rger in der Saison 2016<\/p><\/div>\n","protected":false},"excerpt":{"rendered":"B\u00f6rger &#8211; &#8222;Alles blo\u00df Theoter&#8220; in B\u00f6rger! Was auf den ersten Blick als politische Posse anmuten mag, entpuppt sich n\u00e4her besehen als der Titel des kommenden Theaterst\u00fccks, das die Spieler der Theatergruppe B\u00f6rger derzeit einstudieren. Unter der Leitung von Regisseur Hans-Hermann Schmees probt das Ensemble bereits seit Anfang Oktober, um die Weichen f\u00fcr eine gelingende [&hellip;]\n","protected":false},"author":2,"featured_media":0,"comment_status":"closed","ping_status":"closed","sticky":false,"template":"","format":"standard","meta":{"ngg_post_thumbnail":0,"footnotes":""},"categories":[5],"tags":[],"class_list":["post-17624","post","type-post","status-publish","format-standard","hentry","category-was-machen-die-vereine"],"_links":{"self":[{"href":"https:\/\/www.forum-soegel.de\/information\/wp-json\/wp\/v2\/posts\/17624","targetHints":{"allow":["GET"]}}],"collection":[{"href":"https:\/\/www.forum-soegel.de\/information\/wp-json\/wp\/v2\/posts"}],"about":[{"href":"https:\/\/www.forum-soegel.de\/information\/wp-json\/wp\/v2\/types\/post"}],"author":[{"embeddable":true,"href":"https:\/\/www.forum-soegel.de\/information\/wp-json\/wp\/v2\/users\/2"}],"replies":[{"embeddable":true,"href":"https:\/\/www.forum-soegel.de\/information\/wp-json\/wp\/v2\/comments?post=17624"}],"version-history":[{"count":1,"href":"https:\/\/www.forum-soegel.de\/information\/wp-json\/wp\/v2\/posts\/17624\/revisions"}],"predecessor-version":[{"id":17626,"href":"https:\/\/www.forum-soegel.de\/information\/wp-json\/wp\/v2\/posts\/17624\/revisions\/17626"}],"wp:attachment":[{"href":"https:\/\/www.forum-soegel.de\/information\/wp-json\/wp\/v2\/media?parent=17624"}],"wp:term":[{"taxonomy":"category","embeddable":true,"href":"https:\/\/www.forum-soegel.de\/information\/wp-json\/wp\/v2\/categories?post=17624"},{"taxonomy":"post_tag","embeddable":true,"href":"https:\/\/www.forum-soegel.de\/information\/wp-json\/wp\/v2\/tags?post=17624"}],"curies":[{"name":"wp","href":"https:\/\/api.w.org\/{rel}","templated":true}]}}