{"id":17620,"date":"2015-12-09T20:17:04","date_gmt":"2015-12-09T19:17:04","guid":{"rendered":"https:\/\/www.forum-soegel.de\/information\/?p=17620"},"modified":"2015-12-09T20:17:04","modified_gmt":"2015-12-09T19:17:04","slug":"25-jahre-%e2%80%9euse-borger%e2%80%9c","status":"publish","type":"post","link":"https:\/\/www.forum-soegel.de\/information\/2015\/12\/25-jahre-%e2%80%9euse-borger%e2%80%9c\/","title":{"rendered":"25 Jahre \u201eUse Borger\u201c"},"content":{"rendered":"<p><a href=\"https:\/\/www.forum-soegel.de\/information\/wp-content\/uploads\/2015\/12\/25-Jahre-\u201eUse-Borger\u201c2.jpg\"><img loading=\"lazy\" decoding=\"async\" class=\"alignleft size-medium wp-image-17622\" title=\"25 Jahre \u201eUse Borger\u201c2\" src=\"https:\/\/www.forum-soegel.de\/information\/wp-content\/uploads\/2015\/12\/25-Jahre-\u201eUse-Borger\u201c2-300x89.jpg\" alt=\"\" width=\"300\" height=\"89\" srcset=\"https:\/\/www.forum-soegel.de\/information\/wp-content\/uploads\/2015\/12\/25-Jahre-\u201eUse-Borger\u201c2-300x89.jpg 300w, https:\/\/www.forum-soegel.de\/information\/wp-content\/uploads\/2015\/12\/25-Jahre-\u201eUse-Borger\u201c2.jpg 1024w\" sizes=\"auto, (max-width: 300px) 100vw, 300px\" \/><\/a>B\u00f6rger &#8211; Mit der neuen Ausgabe von \u201eUse Borger\u201c feiert der Arbeitskreis Geschichte des Heimatvereins B\u00f6rger\u00a0 ein 25-j\u00e4hriges Jubil\u00e4um. Immer wurde die Dorfgeschichte der letzten Jahrhunderte dargestellt. Aber auch aktuelle Berichte erschienen, so erscheint auch in der neuen Ausgabe ein Artikel zum Thema Migration,\u00a0 das momentan\u00a0 geradezu \u201eunter den N\u00e4geln brennt\u201c.<\/p>\n<p>Bereits im Jahr 1987 wurden im Arbeitskreis Geschichte des Heimatvereins B\u00f6rger Themen aus der Vergangenheit unseres Dorfes ausgearbeitet. 1989 und 1990 brachte dieser Arbeitskreis jeweils einen Jahreskalender heraus. Ab 1991 wurde aus dem Jahreskalender eine Jahresschrift, n\u00e4mlich \u201eUse Borger\u201c. Ausarbeitungen zu verschiedenen Themen der Vergangenheit, aber auch der Gegenwart wurden seitdem in einem Hauptteil ver\u00f6ffentlicht. Ausgeschm\u00fcckt mit Bildern, Fotos, Gedichten und Erz\u00e4hlungen wird das Buch attraktiv und ansehnlich. In einem aktuellen Teil werden aktuelle Ereignisse des d\u00f6rflichen Lebens des\u00a0 Jahres dargestellt. So hat der Leser auch in sp\u00e4teren Jahren ein Nachschlagwerk zur Hand, um nachzulesen, wie es z.B. 1998 mit den Leistungen B\u00f6rgeraner Sportler bestellt war oder wer in diesem Jahr geheiratet hat. Waren es in den Anfangsjahren 125 Seiten gute Unterhaltung in einer Ausgabe, so erschienen in den letzten Jahren B\u00fccher mit bis zu 175 Seiten. Vorgestellt wird das Jahrbuch jedes Jahr am Samstag vor dem 1. Adventssonntag. Danach geht es dann in den Verkauf. Seit vielen Jahren kann man sich auch auf der Homepage des Heimatvereins\u00a0 \u00fcber das Buch informieren und einzelne Artikel lesen.<\/p>\n<p>Es bedarf vieler H\u00e4nde und K\u00f6pfe Arbeit bis dieses Buch nun seit 25 Jahren p\u00fcnktlich zur Vorweihnachtszeit auf dem Tisch liegt und gerne als Weihnachtsgeschenk f\u00fcr Familienangeh\u00f6rige in, aber auch au\u00dferhalb B\u00f6rgers gekauft wird. Zuerst wollen wir die bereits verstorbenen aktiven Mitarbeiter des Arbeitskreises erw\u00e4hnen: Es waren Reinhard Becker, Kurt Haumann, Albert Korten, Benedikt M\u00fcller und Dr. Detlef Reichelt. Wenigstens 2 Jahre aktiv im Arbeitskreis arbeiteten die folgenden Heimatfreunde: Josef Albers, Alois Becker, Anton Behnen, Josef Connemann, Bernd Gebkenjans, Hans Geers, Dr. Wilhelm Kossenjans, Kaspar Kronabel, Heinz M\u00fcller, Jan Bernd M\u00fcller, Hermann Plaggenborg, Reinhard Rolfes, Josef Schmees, Hermann Schmitz, Hermann Ubbenjans, Heinrich Wesseln, Hubert Westerhoff, Hermann Wintering.<\/p>\n<p>In der neuen\u00a0 Ausgabe ver\u00f6ffentlicht man\u00a0 verschiedene Artikel, mit denen dem Heimatgedanken Rechnung getragen wird. F\u00fcr mich ist Heimat da, wo ich ankommen kann. Orte k\u00f6nnen Heimat werden, Gegenst\u00e4nde oder Menschen ebenfalls. Heimat f\u00fchlt sich an wie der Pullover, den man am liebsten anzieht. Schon geflickt an einer Stelle und die Arme zu lang geworden. Trotzdem oder gerade deshalb ist er so richtig zum Einkuscheln. Der eine oder andere Soldat im 1. Weltkrieg wird einen solchen selbst gestrickten Pullover an die Front geschickt bekommen haben. Er wurde dort dann zu seiner Heimat. Die B\u00f6rgeraner\u00a0 Neub\u00fcrger der vergangenen 25 Jahre, die aus dem Ausland zu uns kamen, brachten einen solchen Pullover mit, der ihnen hier in den Anfangsjahren half, Heimat zu sp\u00fcren. Auch als Erwachsener erinnert man sich beim Bl\u00e4ttern in Fotoalben noch gerne an einen auf einem Bild abgebildeten Pullover, der einem beim Spielen \u00fcber Jahre begleitete. Wie entt\u00e4uscht war man, wenn er eines Tages verschwunden war, weil die Mutter glaubte, er w\u00fcrde nicht mehr passen. So wie diese Pullover schon immer Heimatgef\u00fchle ausl\u00f6sten, k\u00f6nnen es aber auch Tiere. In diesem Sommer 2015 hatten es mir die Schwalben angetan. Sie geh\u00f6rten schon immer in unser Dorf, ohne sie w\u00fcrde etwas fehlen, ein St\u00fcck Heimat eben.<\/p>\n<p>In diese meine Heimatgedanken habe ich die 4 Schwerpunkte der nun vorliegenden Jubil\u00e4umsausgabe eingebettet: Erster Weltkrieg, Zuwanderung, Kindliches Spielen und Schwalben. Sie m\u00f6gen auch f\u00fcr die verschiedenen Artikel stehen, die in den vergangenen Jahren erschienen sind. Durch die Auswahl unserer Themen waren wir\u00a0 immer bem\u00fcht, den Bogen von der Vergangenheit in die Gegenwart zu spannen und anzukommen in der gelebten Heimat, in der das Plattdeutsche nicht fehlen darf.<\/p>\n<p>Sowohl in den bekannten Verkaufsstellen in B\u00f6rger als auch beim Heimatverein B\u00f6rger e. V., Arbeitskreis Geschichte, Herrn Hermann Ubbenjans, Bergstra\u00dfe 4, 26904 B\u00f6rger, kann die Jahresschrift ab dem 30. November bestellt werden. Viel Freude beim Lesen w\u00fcnschen f\u00fcr\u00a0 den Arbeitskreis Bernd Gebkenjans und Hermann Ubbenjans.<\/p>\n<p>Text\/Foto: Bernd Gebkenjans, Heimatverein B\u00f6rger<\/p>\n<p><a href=\"https:\/\/www.forum-soegel.de\/information\/wp-content\/uploads\/2015\/12\/25-Jahre-\u201eUse-Borger\u201c1.jpg\"><img loading=\"lazy\" decoding=\"async\" class=\"alignnone size-medium wp-image-17621\" title=\"25 Jahre \u201eUse Borger\u201c1\" src=\"https:\/\/www.forum-soegel.de\/information\/wp-content\/uploads\/2015\/12\/25-Jahre-\u201eUse-Borger\u201c1-300x169.jpg\" alt=\"\" width=\"300\" height=\"169\" srcset=\"https:\/\/www.forum-soegel.de\/information\/wp-content\/uploads\/2015\/12\/25-Jahre-\u201eUse-Borger\u201c1-300x169.jpg 300w, https:\/\/www.forum-soegel.de\/information\/wp-content\/uploads\/2015\/12\/25-Jahre-\u201eUse-Borger\u201c1.jpg 1024w\" sizes=\"auto, (max-width: 300px) 100vw, 300px\" \/><\/a><\/p>\n","protected":false},"excerpt":{"rendered":"B\u00f6rger &#8211; Mit der neuen Ausgabe von \u201eUse Borger\u201c feiert der Arbeitskreis Geschichte des Heimatvereins B\u00f6rger\u00a0 ein 25-j\u00e4hriges Jubil\u00e4um. Immer wurde die Dorfgeschichte der letzten Jahrhunderte dargestellt. Aber auch aktuelle Berichte erschienen, so erscheint auch in der neuen Ausgabe ein Artikel zum Thema Migration,\u00a0 das momentan\u00a0 geradezu \u201eunter den N\u00e4geln brennt\u201c. Bereits im Jahr 1987 [&hellip;]\n","protected":false},"author":2,"featured_media":0,"comment_status":"closed","ping_status":"closed","sticky":false,"template":"","format":"standard","meta":{"ngg_post_thumbnail":0,"footnotes":""},"categories":[5],"tags":[],"class_list":["post-17620","post","type-post","status-publish","format-standard","hentry","category-was-machen-die-vereine"],"_links":{"self":[{"href":"https:\/\/www.forum-soegel.de\/information\/wp-json\/wp\/v2\/posts\/17620","targetHints":{"allow":["GET"]}}],"collection":[{"href":"https:\/\/www.forum-soegel.de\/information\/wp-json\/wp\/v2\/posts"}],"about":[{"href":"https:\/\/www.forum-soegel.de\/information\/wp-json\/wp\/v2\/types\/post"}],"author":[{"embeddable":true,"href":"https:\/\/www.forum-soegel.de\/information\/wp-json\/wp\/v2\/users\/2"}],"replies":[{"embeddable":true,"href":"https:\/\/www.forum-soegel.de\/information\/wp-json\/wp\/v2\/comments?post=17620"}],"version-history":[{"count":1,"href":"https:\/\/www.forum-soegel.de\/information\/wp-json\/wp\/v2\/posts\/17620\/revisions"}],"predecessor-version":[{"id":17623,"href":"https:\/\/www.forum-soegel.de\/information\/wp-json\/wp\/v2\/posts\/17620\/revisions\/17623"}],"wp:attachment":[{"href":"https:\/\/www.forum-soegel.de\/information\/wp-json\/wp\/v2\/media?parent=17620"}],"wp:term":[{"taxonomy":"category","embeddable":true,"href":"https:\/\/www.forum-soegel.de\/information\/wp-json\/wp\/v2\/categories?post=17620"},{"taxonomy":"post_tag","embeddable":true,"href":"https:\/\/www.forum-soegel.de\/information\/wp-json\/wp\/v2\/tags?post=17620"}],"curies":[{"name":"wp","href":"https:\/\/api.w.org\/{rel}","templated":true}]}}