{"id":17615,"date":"2015-12-09T20:13:52","date_gmt":"2015-12-09T19:13:52","guid":{"rendered":"https:\/\/www.forum-soegel.de\/information\/?p=17615"},"modified":"2015-12-09T20:13:52","modified_gmt":"2015-12-09T19:13:52","slug":"second-hand-sonderverkauf-%e2%80%93-wintersachen","status":"publish","type":"post","link":"https:\/\/www.forum-soegel.de\/information\/2015\/12\/second-hand-sonderverkauf-%e2%80%93-wintersachen\/","title":{"rendered":"Second-Hand-Sonderverkauf \u2013 Wintersachen"},"content":{"rendered":"<p>S\u00f6gel \u2013 Am Samstag, dem 12.12.2015 l\u00e4dt das Second-Hand-Team des M\u00fctterzentrums S\u00f6gel e.V. zu einem vorweihnachtlichen Sonderverkauf von Wintersachen ein. In der Zeit von 15.00 bis 17.00 Uhr k\u00f6nnen Klein und Gro\u00df wieder durch die Regale in den Second-Hand-R\u00e4umen in der Bernhardschule S\u00f6gel st\u00f6bern. Rund um das Thema Baby, Kind und Schwangerschaft finden sich hier gut erhaltene Kleidungsst\u00fccke und Spielwaren.<\/p>\n<p>F\u00fcr die gem\u00fctliche Atmosph\u00e4re sorgen Kinderpunsch, Kakao und Waffeln, die gegen eine kleine Spende angeboten werden.<\/p>\n<p>Der Winter-Sonderverkauf bietet die M\u00f6glichkeit, noch einige Spielsachen zu ergattern. Von Lego \u00fcber Playmobil bis hin zu Babyspielzeug sind jede Menge Kinderartikel im Angebot.<\/p>\n<p>An diesem Tag besteht auch die letzte M\u00f6glichkeit f\u00fcr Mitglieder, die S\u00e4cke mit den zuletzt aussortierten Sommersachen abzuholen. Nicht abgeholte S\u00e4cke werden wie gewohnt an eine gemeinn\u00fctzige Organisation gespendet.<\/p>\n<p>Der Second-Hand-Verkauf findet jeweils am ersten Mittwoch des Monats statt. Sofern Sie interessiert sind, Ihre Kleidung als Second-Hand-Ware zu verkaufen, empf\u00e4ngt Sie das Team der Annahme gerne immer montags vor den Verkaufsterminen.<\/p>\n<p>Weitere Informationen zum Second-Hand oder zu allen Aktivit\u00e4ten des M\u00fctterzentrums S\u00f6gel e.V. erhalten Sie auch im Internet unter www.m\u00fctterzentrum-s\u00f6gel.de.<\/p>\n<p>Text\/Foto: CR<\/p>\n<p><a href=\"https:\/\/www.forum-soegel.de\/information\/wp-content\/uploads\/2015\/12\/Second-Hand-Sonderverkauf-\u2013-Wintersachen.jpg\"><img loading=\"lazy\" decoding=\"async\" class=\"alignnone size-medium wp-image-17616\" title=\"Second-Hand-Sonderverkauf \u2013 Wintersachen\" src=\"https:\/\/www.forum-soegel.de\/information\/wp-content\/uploads\/2015\/12\/Second-Hand-Sonderverkauf-\u2013-Wintersachen-300x168.jpg\" alt=\"\" width=\"300\" height=\"168\" srcset=\"https:\/\/www.forum-soegel.de\/information\/wp-content\/uploads\/2015\/12\/Second-Hand-Sonderverkauf-\u2013-Wintersachen-300x168.jpg 300w, https:\/\/www.forum-soegel.de\/information\/wp-content\/uploads\/2015\/12\/Second-Hand-Sonderverkauf-\u2013-Wintersachen.jpg 1024w\" sizes=\"auto, (max-width: 300px) 100vw, 300px\" \/><\/a><\/p>\n","protected":false},"excerpt":{"rendered":"S\u00f6gel \u2013 Am Samstag, dem 12.12.2015 l\u00e4dt das Second-Hand-Team des M\u00fctterzentrums S\u00f6gel e.V. zu einem vorweihnachtlichen Sonderverkauf von Wintersachen ein. In der Zeit von 15.00 bis 17.00 Uhr k\u00f6nnen Klein und Gro\u00df wieder durch die Regale in den Second-Hand-R\u00e4umen in der Bernhardschule S\u00f6gel st\u00f6bern. Rund um das Thema Baby, Kind und Schwangerschaft finden sich hier [&hellip;]\n","protected":false},"author":2,"featured_media":0,"comment_status":"closed","ping_status":"closed","sticky":false,"template":"","format":"standard","meta":{"ngg_post_thumbnail":0,"footnotes":""},"categories":[5],"tags":[],"class_list":["post-17615","post","type-post","status-publish","format-standard","hentry","category-was-machen-die-vereine"],"_links":{"self":[{"href":"https:\/\/www.forum-soegel.de\/information\/wp-json\/wp\/v2\/posts\/17615","targetHints":{"allow":["GET"]}}],"collection":[{"href":"https:\/\/www.forum-soegel.de\/information\/wp-json\/wp\/v2\/posts"}],"about":[{"href":"https:\/\/www.forum-soegel.de\/information\/wp-json\/wp\/v2\/types\/post"}],"author":[{"embeddable":true,"href":"https:\/\/www.forum-soegel.de\/information\/wp-json\/wp\/v2\/users\/2"}],"replies":[{"embeddable":true,"href":"https:\/\/www.forum-soegel.de\/information\/wp-json\/wp\/v2\/comments?post=17615"}],"version-history":[{"count":1,"href":"https:\/\/www.forum-soegel.de\/information\/wp-json\/wp\/v2\/posts\/17615\/revisions"}],"predecessor-version":[{"id":17617,"href":"https:\/\/www.forum-soegel.de\/information\/wp-json\/wp\/v2\/posts\/17615\/revisions\/17617"}],"wp:attachment":[{"href":"https:\/\/www.forum-soegel.de\/information\/wp-json\/wp\/v2\/media?parent=17615"}],"wp:term":[{"taxonomy":"category","embeddable":true,"href":"https:\/\/www.forum-soegel.de\/information\/wp-json\/wp\/v2\/categories?post=17615"},{"taxonomy":"post_tag","embeddable":true,"href":"https:\/\/www.forum-soegel.de\/information\/wp-json\/wp\/v2\/tags?post=17615"}],"curies":[{"name":"wp","href":"https:\/\/api.w.org\/{rel}","templated":true}]}}