{"id":17612,"date":"2015-12-09T20:12:08","date_gmt":"2015-12-09T19:12:08","guid":{"rendered":"https:\/\/www.forum-soegel.de\/information\/?p=17612"},"modified":"2015-12-09T20:12:08","modified_gmt":"2015-12-09T19:12:08","slug":"neuer-probenraum-der-harmonie","status":"publish","type":"post","link":"https:\/\/www.forum-soegel.de\/information\/2015\/12\/neuer-probenraum-der-harmonie\/","title":{"rendered":"Neuer Probenraum der Harmonie"},"content":{"rendered":"<p>S\u00f6gel \u2013 \u00dcber viele Jahrzehnte war der M\u00e4nnergesangverein Harmonie S\u00f6gel im \u201eAlten Gasthaus Schr\u00f6er\u201c zu Hause. Nachdem das Geb\u00e4ude nunmehr verkauft wurde und der Vereinswirt der Harmonie Heiner Jansen seinen wohl verdienten Ruhestand angetreten hat, bestand f\u00fcr die Harmonie die Notwendigkeit nach einem neuen Domizil Ausschau zu halten.<\/p>\n<p>In den gro\u00dfz\u00fcgig ausgestatteten Kellerr\u00e4umen unter dem Chinarestaurant Lotus, direkt am Marktplatz, wurde man f\u00fcndig.<\/p>\n<p>Seit Anfang September probt nun die Harmonie dort jeweils Donnerstags ab 20.00 Uhr. Die neuen Probenr\u00e4ume sind neben dem Treppenaufgang auch \u00fcber einen Fahrstuhl erreichbar, so dass S\u00e4nger, die in ihrer Bewegung eingeschr\u00e4nkt sind, diese R\u00e4ume ebenfalls m\u00fchelos erreichen k\u00f6nnen.<\/p>\n<p>Nach der Probe werden die S\u00e4nger dort von Khan Nguyen und seiner Frau Thao in hervorragender Weise mit Frischegezapftem versorgt.<\/p>\n<p>Wenn auch erst wenige Probenabende dort stattgefunden haben, so kann dennoch schon jetzt gesagt werden, dass die S\u00e4nger der Harmonie sich dort sehr wohl f\u00fchlen. Dies liegt nicht nur an dem sch\u00f6nen Probenraum, sondern in besonderer Weise an der netten und freundlichen Art von Khan und seiner Frau Thao.<\/p>\n<p>Text: GS \/ Foto: Antonius Hempen<\/p>\n<div id=\"attachment_17613\" style=\"width: 310px\" class=\"wp-caption alignnone\"><a href=\"https:\/\/www.forum-soegel.de\/information\/wp-content\/uploads\/2015\/12\/Neuer-Probenraum-der-Harmonie.jpg\"><img loading=\"lazy\" decoding=\"async\" aria-describedby=\"caption-attachment-17613\" class=\"size-medium wp-image-17613\" title=\"Neuer Probenraum der Harmonie\" src=\"https:\/\/www.forum-soegel.de\/information\/wp-content\/uploads\/2015\/12\/Neuer-Probenraum-der-Harmonie-300x200.jpg\" alt=\"\" width=\"300\" height=\"200\" srcset=\"https:\/\/www.forum-soegel.de\/information\/wp-content\/uploads\/2015\/12\/Neuer-Probenraum-der-Harmonie-300x200.jpg 300w, https:\/\/www.forum-soegel.de\/information\/wp-content\/uploads\/2015\/12\/Neuer-Probenraum-der-Harmonie.jpg 1024w\" sizes=\"auto, (max-width: 300px) 100vw, 300px\" \/><\/a><p id=\"caption-attachment-17613\" class=\"wp-caption-text\">Die S\u00e4nger der Harmonie bedanken sich mit einem Blumenstrau\u00df bei Thao und Khan Nguyen f\u00fcr die freundliche Aufnahme in ihrem Haus.<\/p><\/div>\n","protected":false},"excerpt":{"rendered":"S\u00f6gel \u2013 \u00dcber viele Jahrzehnte war der M\u00e4nnergesangverein Harmonie S\u00f6gel im \u201eAlten Gasthaus Schr\u00f6er\u201c zu Hause. Nachdem das Geb\u00e4ude nunmehr verkauft wurde und der Vereinswirt der Harmonie Heiner Jansen seinen wohl verdienten Ruhestand angetreten hat, bestand f\u00fcr die Harmonie die Notwendigkeit nach einem neuen Domizil Ausschau zu halten. In den gro\u00dfz\u00fcgig ausgestatteten Kellerr\u00e4umen unter dem [&hellip;]\n","protected":false},"author":2,"featured_media":0,"comment_status":"closed","ping_status":"closed","sticky":false,"template":"","format":"standard","meta":{"ngg_post_thumbnail":0,"footnotes":""},"categories":[5],"tags":[],"class_list":["post-17612","post","type-post","status-publish","format-standard","hentry","category-was-machen-die-vereine"],"_links":{"self":[{"href":"https:\/\/www.forum-soegel.de\/information\/wp-json\/wp\/v2\/posts\/17612","targetHints":{"allow":["GET"]}}],"collection":[{"href":"https:\/\/www.forum-soegel.de\/information\/wp-json\/wp\/v2\/posts"}],"about":[{"href":"https:\/\/www.forum-soegel.de\/information\/wp-json\/wp\/v2\/types\/post"}],"author":[{"embeddable":true,"href":"https:\/\/www.forum-soegel.de\/information\/wp-json\/wp\/v2\/users\/2"}],"replies":[{"embeddable":true,"href":"https:\/\/www.forum-soegel.de\/information\/wp-json\/wp\/v2\/comments?post=17612"}],"version-history":[{"count":1,"href":"https:\/\/www.forum-soegel.de\/information\/wp-json\/wp\/v2\/posts\/17612\/revisions"}],"predecessor-version":[{"id":17614,"href":"https:\/\/www.forum-soegel.de\/information\/wp-json\/wp\/v2\/posts\/17612\/revisions\/17614"}],"wp:attachment":[{"href":"https:\/\/www.forum-soegel.de\/information\/wp-json\/wp\/v2\/media?parent=17612"}],"wp:term":[{"taxonomy":"category","embeddable":true,"href":"https:\/\/www.forum-soegel.de\/information\/wp-json\/wp\/v2\/categories?post=17612"},{"taxonomy":"post_tag","embeddable":true,"href":"https:\/\/www.forum-soegel.de\/information\/wp-json\/wp\/v2\/tags?post=17612"}],"curies":[{"name":"wp","href":"https:\/\/api.w.org\/{rel}","templated":true}]}}