{"id":17609,"date":"2015-12-09T20:09:42","date_gmt":"2015-12-09T19:09:42","guid":{"rendered":"https:\/\/www.forum-soegel.de\/information\/?p=17609"},"modified":"2015-12-09T20:09:42","modified_gmt":"2015-12-09T19:09:42","slug":"urban-knitting-in-sogel","status":"publish","type":"post","link":"https:\/\/www.forum-soegel.de\/information\/2015\/12\/urban-knitting-in-sogel\/","title":{"rendered":"Urban Knitting in S\u00f6gel"},"content":{"rendered":"<p>S\u00f6gel &#8211; Das Urban Knitting oder auch Guerilla-Stricken ist eine Form der Streetart, bei der Gegenst\u00e4nde oder B\u00e4ume im \u00f6ffentlichen Raum durch das Stricken ver\u00e4ndert werden. Diese Kunstform kann vom Anbringen gestrickter Accessoires bis hin zum Einstricken ganzer Objekte reichen und dienen im Ursprung der Versch\u00f6nerung des Ortsbildes.<\/p>\n<p>Ebendiese Kunstvariante bereitete Elisabeth Feistel eine bunte \u00dcberraschung. Der Strickclub, der sich regelm\u00e4\u00dfig in Feistels Handarbeitsshop an der Ber\u00dfener Stra\u00dfe in S\u00f6gel trifft, schm\u00fcckte den Baum vor ihrer Haust\u00fcr mit einem 50 Meter langen Baumschal. Passend zum Maggie Reilly Konzert stellten Sabine Geers, Anita Sandmann, Mechthild Wehry, Roswitha Becker und Doris Borker diesen dekorativen Baumschmuck fertig.<\/p>\n<p>Die Damen bedanken sich an dieser Stelle nochmals herzlich bei allen, die sich f\u00fcr diese Strickarbeit mit Wollspenden und tatkr\u00e4ftiger Strickunterst\u00fctzung eingesetzt haben.<\/p>\n<p>&nbsp;<\/p>\n<p>&nbsp;<\/p>\n<p>Text: SSt \/<\/p>\n<p>Foto: Ingrid Cloppenburg<\/p>\n<p><a href=\"https:\/\/www.forum-soegel.de\/information\/wp-content\/uploads\/2015\/12\/Urban-Knitting.jpg\"><img loading=\"lazy\" decoding=\"async\" class=\"alignnone size-medium wp-image-17610\" title=\"Urban Knitting\" src=\"https:\/\/www.forum-soegel.de\/information\/wp-content\/uploads\/2015\/12\/Urban-Knitting-210x300.jpg\" alt=\"\" width=\"210\" height=\"300\" srcset=\"https:\/\/www.forum-soegel.de\/information\/wp-content\/uploads\/2015\/12\/Urban-Knitting-210x300.jpg 210w, https:\/\/www.forum-soegel.de\/information\/wp-content\/uploads\/2015\/12\/Urban-Knitting.jpg 540w\" sizes=\"auto, (max-width: 210px) 100vw, 210px\" \/><\/a><\/p>\n<p>&nbsp;<\/p>\n","protected":false},"excerpt":{"rendered":"S\u00f6gel &#8211; Das Urban Knitting oder auch Guerilla-Stricken ist eine Form der Streetart, bei der Gegenst\u00e4nde oder B\u00e4ume im \u00f6ffentlichen Raum durch das Stricken ver\u00e4ndert werden. Diese Kunstform kann vom Anbringen gestrickter Accessoires bis hin zum Einstricken ganzer Objekte reichen und dienen im Ursprung der Versch\u00f6nerung des Ortsbildes. Ebendiese Kunstvariante bereitete Elisabeth Feistel eine bunte [&hellip;]\n","protected":false},"author":2,"featured_media":0,"comment_status":"closed","ping_status":"closed","sticky":false,"template":"","format":"standard","meta":{"ngg_post_thumbnail":0,"footnotes":""},"categories":[4],"tags":[],"class_list":["post-17609","post","type-post","status-publish","format-standard","hentry","category-aus-der-geschaftswelt"],"_links":{"self":[{"href":"https:\/\/www.forum-soegel.de\/information\/wp-json\/wp\/v2\/posts\/17609","targetHints":{"allow":["GET"]}}],"collection":[{"href":"https:\/\/www.forum-soegel.de\/information\/wp-json\/wp\/v2\/posts"}],"about":[{"href":"https:\/\/www.forum-soegel.de\/information\/wp-json\/wp\/v2\/types\/post"}],"author":[{"embeddable":true,"href":"https:\/\/www.forum-soegel.de\/information\/wp-json\/wp\/v2\/users\/2"}],"replies":[{"embeddable":true,"href":"https:\/\/www.forum-soegel.de\/information\/wp-json\/wp\/v2\/comments?post=17609"}],"version-history":[{"count":1,"href":"https:\/\/www.forum-soegel.de\/information\/wp-json\/wp\/v2\/posts\/17609\/revisions"}],"predecessor-version":[{"id":17611,"href":"https:\/\/www.forum-soegel.de\/information\/wp-json\/wp\/v2\/posts\/17609\/revisions\/17611"}],"wp:attachment":[{"href":"https:\/\/www.forum-soegel.de\/information\/wp-json\/wp\/v2\/media?parent=17609"}],"wp:term":[{"taxonomy":"category","embeddable":true,"href":"https:\/\/www.forum-soegel.de\/information\/wp-json\/wp\/v2\/categories?post=17609"},{"taxonomy":"post_tag","embeddable":true,"href":"https:\/\/www.forum-soegel.de\/information\/wp-json\/wp\/v2\/tags?post=17609"}],"curies":[{"name":"wp","href":"https:\/\/api.w.org\/{rel}","templated":true}]}}