{"id":17606,"date":"2015-12-09T20:08:03","date_gmt":"2015-12-09T19:08:03","guid":{"rendered":"https:\/\/www.forum-soegel.de\/information\/?p=17606"},"modified":"2015-12-09T20:08:03","modified_gmt":"2015-12-09T19:08:03","slug":"erstes-einzelhandelsgeschaft-macht-mit-bei-der-kampagne-%e2%80%9efairtrade-town-sogel%e2%80%9c","status":"publish","type":"post","link":"https:\/\/www.forum-soegel.de\/information\/2015\/12\/erstes-einzelhandelsgeschaft-macht-mit-bei-der-kampagne-%e2%80%9efairtrade-town-sogel%e2%80%9c\/","title":{"rendered":"Erstes Einzelhandelsgesch\u00e4ft macht mit bei der Kampagne \u201eFairtrade-Town S\u00f6gel\u201c"},"content":{"rendered":"<p>S\u00f6gel &#8211; Anja Herm\u00fchlen, die Gesch\u00e4ftsf\u00fchrerin des Einzelhandelsgesch\u00e4fts\u00a0 \u00a0\u201eBlumenkunst Herm\u00fchlen &#8222;, hat sich bewusst entschieden, fair gehandelte Produkte in ihr Sortiment aufzunehmen.<br \/>\nDerzeit werden etwa zwei Drittel der Blumen nach Deutschland importiert, vorwiegend aus dem globalen S\u00fcden. Die meisten Besch\u00e4ftigten in Afrika und S\u00fcdamerika haben dort mit niedrigen L\u00f6hnen und mangelndem Arbeits- und Gesundheitsschutz zu k\u00e4mpfen.<br \/>\nRosen von einer Fairtrade zertifizierten Rosenfarm garantieren aber definierte Standards zu Mindestl\u00f6hnen und verbessern die Lebens-und Arbeitsbedingungen der Menschen besonders in den L\u00e4ndern Kenia und Tansania in Afrika.<br \/>\nDie Steuerungsgruppe mit Irmgard Welling, Claudia Grote, Diana Schmitz, Karsta Roscher und Claudia L\u00fcbs gratuliert zu dieser Entscheidung.<\/p>\n<p>Gleichzeitig ist es ein weiterer Schritt, S\u00f6gel auf dem Weg zur Fairtrade-Town zu unterst\u00fctzen.<\/p>\n<p>Text\/Foto: Fairtrade-Town Steuergruppe<\/p>\n<p><a href=\"https:\/\/www.forum-soegel.de\/information\/wp-content\/uploads\/2015\/12\/Erstes-Einzelhandelsgesch\u00e4ft-fair-trade.jpg\"><img loading=\"lazy\" decoding=\"async\" class=\"alignnone size-medium wp-image-17607\" title=\"Erstes Einzelhandelsgesch\u00e4ft - fair trade\" src=\"https:\/\/www.forum-soegel.de\/information\/wp-content\/uploads\/2015\/12\/Erstes-Einzelhandelsgesch\u00e4ft-fair-trade-300x198.jpg\" alt=\"\" width=\"300\" height=\"198\" srcset=\"https:\/\/www.forum-soegel.de\/information\/wp-content\/uploads\/2015\/12\/Erstes-Einzelhandelsgesch\u00e4ft-fair-trade-300x198.jpg 300w, https:\/\/www.forum-soegel.de\/information\/wp-content\/uploads\/2015\/12\/Erstes-Einzelhandelsgesch\u00e4ft-fair-trade.jpg 1024w\" sizes=\"auto, (max-width: 300px) 100vw, 300px\" \/><\/a><\/p>\n<p>&nbsp;<\/p>\n","protected":false},"excerpt":{"rendered":"S\u00f6gel &#8211; Anja Herm\u00fchlen, die Gesch\u00e4ftsf\u00fchrerin des Einzelhandelsgesch\u00e4fts\u00a0 \u00a0\u201eBlumenkunst Herm\u00fchlen &#8222;, hat sich bewusst entschieden, fair gehandelte Produkte in ihr Sortiment aufzunehmen. Derzeit werden etwa zwei Drittel der Blumen nach Deutschland importiert, vorwiegend aus dem globalen S\u00fcden. Die meisten Besch\u00e4ftigten in Afrika und S\u00fcdamerika haben dort mit niedrigen L\u00f6hnen und mangelndem Arbeits- und Gesundheitsschutz zu [&hellip;]\n","protected":false},"author":2,"featured_media":0,"comment_status":"closed","ping_status":"closed","sticky":false,"template":"","format":"standard","meta":{"ngg_post_thumbnail":0,"footnotes":""},"categories":[4],"tags":[],"class_list":["post-17606","post","type-post","status-publish","format-standard","hentry","category-aus-der-geschaftswelt"],"_links":{"self":[{"href":"https:\/\/www.forum-soegel.de\/information\/wp-json\/wp\/v2\/posts\/17606","targetHints":{"allow":["GET"]}}],"collection":[{"href":"https:\/\/www.forum-soegel.de\/information\/wp-json\/wp\/v2\/posts"}],"about":[{"href":"https:\/\/www.forum-soegel.de\/information\/wp-json\/wp\/v2\/types\/post"}],"author":[{"embeddable":true,"href":"https:\/\/www.forum-soegel.de\/information\/wp-json\/wp\/v2\/users\/2"}],"replies":[{"embeddable":true,"href":"https:\/\/www.forum-soegel.de\/information\/wp-json\/wp\/v2\/comments?post=17606"}],"version-history":[{"count":1,"href":"https:\/\/www.forum-soegel.de\/information\/wp-json\/wp\/v2\/posts\/17606\/revisions"}],"predecessor-version":[{"id":17608,"href":"https:\/\/www.forum-soegel.de\/information\/wp-json\/wp\/v2\/posts\/17606\/revisions\/17608"}],"wp:attachment":[{"href":"https:\/\/www.forum-soegel.de\/information\/wp-json\/wp\/v2\/media?parent=17606"}],"wp:term":[{"taxonomy":"category","embeddable":true,"href":"https:\/\/www.forum-soegel.de\/information\/wp-json\/wp\/v2\/categories?post=17606"},{"taxonomy":"post_tag","embeddable":true,"href":"https:\/\/www.forum-soegel.de\/information\/wp-json\/wp\/v2\/tags?post=17606"}],"curies":[{"name":"wp","href":"https:\/\/api.w.org\/{rel}","templated":true}]}}