{"id":17603,"date":"2015-12-09T20:06:09","date_gmt":"2015-12-09T19:06:09","guid":{"rendered":"https:\/\/www.forum-soegel.de\/information\/?p=17603"},"modified":"2015-12-09T20:06:09","modified_gmt":"2015-12-09T19:06:09","slug":"frisore-helfen-fluchtlinge","status":"publish","type":"post","link":"https:\/\/www.forum-soegel.de\/information\/2015\/12\/frisore-helfen-fluchtlinge\/","title":{"rendered":"Fris\u00f6re helfen Fl\u00fcchtlinge"},"content":{"rendered":"<p>S\u00f6gel. Unter dem Motto \u201eFris\u00f6re helfen Fl\u00fcchtlinge\u201c haben die S\u00f6geler Fris\u00f6re beim \u201eHerbststurm\u201c von 13 \u2013 18 Uhr in S\u00f6gel Anfang November 1.500 Euro f\u00fcr die Fl\u00fcchtlingshilfe erwirtschaftet. Im Modehaus Funke wurde eigens ein \u201eFris\u00f6rsalon\u201c eingerichtet, in dem die beteiligten Fris\u00f6re von Feders City-Fris\u00f6r, Hair-Fashion, Salon Nathalie, Haarpavillon und dem H-Studio ihre Dienstleistungen des Fris\u00f6rhandwerks anboten. Daran anschlie\u00dfen konnten die Kunden ein professionelles Fotoshooting mit dem Fotostudio Wucherpfennig und der Fotografin Steffi Olliges. Initiatorin Dorothee Kuhnke zeigte sich erfreut \u00fcber das gro\u00dfe Engagement: \u201eWir haben hier alle Hand in Hand zusammengearbeitet f\u00fcr den guten Zweck!\u201c Ihr Dank galt dem Modehaus Funke f\u00fcr die Bereitstellung der R\u00e4umlichkeiten und der Druckerei Thyen, die s\u00e4mtliche Werbematerialen f\u00fcr diese Aktion kostenfrei zur Verf\u00fcgung gestellt habe. Zudem h\u00e4tten die Banken vor Ort einen Spendenbeitrag und die Fa. Wella Produkte im Wert von 1000 Euro dazu gegeben.<\/p>\n<p>&nbsp;<\/p>\n<p>Text: Ingrid Cloppenburg<\/p>\n<p>Foto: M. Wucherpfennig<\/p>\n<p><a href=\"https:\/\/www.forum-soegel.de\/information\/wp-content\/uploads\/2015\/12\/Friseure-helfen-Fl\u00fcchtlingen.jpg\"><img loading=\"lazy\" decoding=\"async\" class=\"alignnone size-medium wp-image-17604\" title=\"Friseure helfen Fl\u00fcchtlingen\" src=\"https:\/\/www.forum-soegel.de\/information\/wp-content\/uploads\/2015\/12\/Friseure-helfen-Fl\u00fcchtlingen-300x134.jpg\" alt=\"\" width=\"300\" height=\"134\" srcset=\"https:\/\/www.forum-soegel.de\/information\/wp-content\/uploads\/2015\/12\/Friseure-helfen-Fl\u00fcchtlingen-300x134.jpg 300w, https:\/\/www.forum-soegel.de\/information\/wp-content\/uploads\/2015\/12\/Friseure-helfen-Fl\u00fcchtlingen.jpg 1024w\" sizes=\"auto, (max-width: 300px) 100vw, 300px\" \/><\/a><\/p>\n","protected":false},"excerpt":{"rendered":"S\u00f6gel. Unter dem Motto \u201eFris\u00f6re helfen Fl\u00fcchtlinge\u201c haben die S\u00f6geler Fris\u00f6re beim \u201eHerbststurm\u201c von 13 \u2013 18 Uhr in S\u00f6gel Anfang November 1.500 Euro f\u00fcr die Fl\u00fcchtlingshilfe erwirtschaftet. Im Modehaus Funke wurde eigens ein \u201eFris\u00f6rsalon\u201c eingerichtet, in dem die beteiligten Fris\u00f6re von Feders City-Fris\u00f6r, Hair-Fashion, Salon Nathalie, Haarpavillon und dem H-Studio ihre Dienstleistungen des Fris\u00f6rhandwerks [&hellip;]\n","protected":false},"author":2,"featured_media":0,"comment_status":"closed","ping_status":"closed","sticky":false,"template":"","format":"standard","meta":{"ngg_post_thumbnail":0,"footnotes":""},"categories":[4],"tags":[],"class_list":["post-17603","post","type-post","status-publish","format-standard","hentry","category-aus-der-geschaftswelt"],"_links":{"self":[{"href":"https:\/\/www.forum-soegel.de\/information\/wp-json\/wp\/v2\/posts\/17603","targetHints":{"allow":["GET"]}}],"collection":[{"href":"https:\/\/www.forum-soegel.de\/information\/wp-json\/wp\/v2\/posts"}],"about":[{"href":"https:\/\/www.forum-soegel.de\/information\/wp-json\/wp\/v2\/types\/post"}],"author":[{"embeddable":true,"href":"https:\/\/www.forum-soegel.de\/information\/wp-json\/wp\/v2\/users\/2"}],"replies":[{"embeddable":true,"href":"https:\/\/www.forum-soegel.de\/information\/wp-json\/wp\/v2\/comments?post=17603"}],"version-history":[{"count":1,"href":"https:\/\/www.forum-soegel.de\/information\/wp-json\/wp\/v2\/posts\/17603\/revisions"}],"predecessor-version":[{"id":17605,"href":"https:\/\/www.forum-soegel.de\/information\/wp-json\/wp\/v2\/posts\/17603\/revisions\/17605"}],"wp:attachment":[{"href":"https:\/\/www.forum-soegel.de\/information\/wp-json\/wp\/v2\/media?parent=17603"}],"wp:term":[{"taxonomy":"category","embeddable":true,"href":"https:\/\/www.forum-soegel.de\/information\/wp-json\/wp\/v2\/categories?post=17603"},{"taxonomy":"post_tag","embeddable":true,"href":"https:\/\/www.forum-soegel.de\/information\/wp-json\/wp\/v2\/tags?post=17603"}],"curies":[{"name":"wp","href":"https:\/\/api.w.org\/{rel}","templated":true}]}}