{"id":17600,"date":"2015-12-09T20:04:27","date_gmt":"2015-12-09T19:04:27","guid":{"rendered":"https:\/\/www.forum-soegel.de\/information\/?p=17600"},"modified":"2015-12-09T20:04:27","modified_gmt":"2015-12-09T19:04:27","slug":"weihnachtskonzert-in-st-jakobus-sogel-4","status":"publish","type":"post","link":"https:\/\/www.forum-soegel.de\/information\/2015\/12\/weihnachtskonzert-in-st-jakobus-sogel-4\/","title":{"rendered":"Weihnachtskonzert in St. Jakobus S\u00f6gel"},"content":{"rendered":"<p>S\u00f6gel &#8211; Das diesj\u00e4hrige Weihnachtskonzert am Mittwoch, dem 30. Dezember 2015 um 19.30 Uhr in St. Jakobus wird vom Jugendchor St. Jakobus und vom Kirchenchor St. Jakobus gestaltet. Erklingen wird \u201eA cermony of Carols\u201c von B. Britten f\u00fcr 3 &#8211; stimmigen Frauenchor und Harfe, welches der Jugendchor singen wird. Der Kirchenchor wird das Magnificat von F. Durante und das Magnificat von A. Vivaldi singen. Er wird vom Projektorchester Twente aus den Niederlanden begleitet. Die Solopartien werden Franziska Bla\u00df (Sopran) und Julia Skripnik \u2013 Hallmann (Alt) \u00fcbernehmen. Die Leitung hat Regionalkantorin Frauke Sparfeldt.<\/p>\n<p>Der Jugendchor wird in diesem Jahr erstmals alleine mehrstimmig im Weihnachtskonzert singen und probt hierf\u00fcr mit viel Freude und Engagement. \u00a0Auch der Kirchenchor freut sich, das diesj\u00e4hrige Weihnachtskonzert wieder mitzugestalten, nachdem im letzten Jahr der Kammerchor Emsland das Konzert mit dem Weihnachtsoratorium von J. S. Bach gesungen hat.<\/p>\n<p>Karten f\u00fcr das Konzert sind bei Schreibwaren L\u00fcbs, im Pfarrb\u00fcro St. Jakobus und bei Mitgliedern des Kirchenchores zum Preis von 13\u20ac im Vorverkauf erh\u00e4ltlich.<\/p>\n<p>Text\/Foto: Frauke Sparfeldt<\/p>\n<p><a href=\"https:\/\/www.forum-soegel.de\/information\/wp-content\/uploads\/2015\/12\/Weihnachtskonzert-in-St.-Jakobus-S\u00f6gel.jpg\"><img loading=\"lazy\" decoding=\"async\" class=\"alignnone size-medium wp-image-17601\" title=\"Weihnachtskonzert in St. Jakobus S\u00f6gel\" src=\"https:\/\/www.forum-soegel.de\/information\/wp-content\/uploads\/2015\/12\/Weihnachtskonzert-in-St.-Jakobus-S\u00f6gel-212x300.jpg\" alt=\"\" width=\"212\" height=\"300\" srcset=\"https:\/\/www.forum-soegel.de\/information\/wp-content\/uploads\/2015\/12\/Weihnachtskonzert-in-St.-Jakobus-S\u00f6gel-212x300.jpg 212w, https:\/\/www.forum-soegel.de\/information\/wp-content\/uploads\/2015\/12\/Weihnachtskonzert-in-St.-Jakobus-S\u00f6gel.jpg 545w\" sizes=\"auto, (max-width: 212px) 100vw, 212px\" \/><\/a><\/p>\n<p>&nbsp;<\/p>\n","protected":false},"excerpt":{"rendered":"S\u00f6gel &#8211; Das diesj\u00e4hrige Weihnachtskonzert am Mittwoch, dem 30. Dezember 2015 um 19.30 Uhr in St. Jakobus wird vom Jugendchor St. Jakobus und vom Kirchenchor St. Jakobus gestaltet. Erklingen wird \u201eA cermony of Carols\u201c von B. Britten f\u00fcr 3 &#8211; stimmigen Frauenchor und Harfe, welches der Jugendchor singen wird. Der Kirchenchor wird das Magnificat von [&hellip;]\n","protected":false},"author":2,"featured_media":0,"comment_status":"closed","ping_status":"closed","sticky":false,"template":"","format":"standard","meta":{"ngg_post_thumbnail":0,"footnotes":""},"categories":[868],"tags":[],"class_list":["post-17600","post","type-post","status-publish","format-standard","hentry","category-zwischen-himmel-und-erde"],"_links":{"self":[{"href":"https:\/\/www.forum-soegel.de\/information\/wp-json\/wp\/v2\/posts\/17600","targetHints":{"allow":["GET"]}}],"collection":[{"href":"https:\/\/www.forum-soegel.de\/information\/wp-json\/wp\/v2\/posts"}],"about":[{"href":"https:\/\/www.forum-soegel.de\/information\/wp-json\/wp\/v2\/types\/post"}],"author":[{"embeddable":true,"href":"https:\/\/www.forum-soegel.de\/information\/wp-json\/wp\/v2\/users\/2"}],"replies":[{"embeddable":true,"href":"https:\/\/www.forum-soegel.de\/information\/wp-json\/wp\/v2\/comments?post=17600"}],"version-history":[{"count":1,"href":"https:\/\/www.forum-soegel.de\/information\/wp-json\/wp\/v2\/posts\/17600\/revisions"}],"predecessor-version":[{"id":17602,"href":"https:\/\/www.forum-soegel.de\/information\/wp-json\/wp\/v2\/posts\/17600\/revisions\/17602"}],"wp:attachment":[{"href":"https:\/\/www.forum-soegel.de\/information\/wp-json\/wp\/v2\/media?parent=17600"}],"wp:term":[{"taxonomy":"category","embeddable":true,"href":"https:\/\/www.forum-soegel.de\/information\/wp-json\/wp\/v2\/categories?post=17600"},{"taxonomy":"post_tag","embeddable":true,"href":"https:\/\/www.forum-soegel.de\/information\/wp-json\/wp\/v2\/tags?post=17600"}],"curies":[{"name":"wp","href":"https:\/\/api.w.org\/{rel}","templated":true}]}}