{"id":17597,"date":"2015-12-09T20:03:19","date_gmt":"2015-12-09T19:03:19","guid":{"rendered":"https:\/\/www.forum-soegel.de\/information\/?p=17597"},"modified":"2015-12-09T20:03:19","modified_gmt":"2015-12-09T19:03:19","slug":"konzertabend-in-stavern-ein-voller-erfolg","status":"publish","type":"post","link":"https:\/\/www.forum-soegel.de\/information\/2015\/12\/konzertabend-in-stavern-ein-voller-erfolg\/","title":{"rendered":"Konzertabend in Stavern ein voller Erfolg"},"content":{"rendered":"<p style=\"text-align: left;\" align=\"center\"><strong>40 Jahre Chorfreundschaft Stavern und Werpeloh<\/strong><\/p>\n<p style=\"text-align: left;\">Stavern &#8211; Anl\u00e4sslich der seit 40 Jahren bestehenden Freundschaft zwischen dem Kirchenchor St. Michael Stavern und dem Franziskuschor Werpeloh fand im Vereinslokal \u201eAltes Gasthaus Krange\u201c ein Konzertabend statt. Vor ausverkauftem Haus traten neben den beiden Ch\u00f6ren auch die Frauentanzgruppe der KFD Stavern, die Bl\u00e4serbande Stavern, das Bl\u00e4serteam Stavern\/Werpeloh und \u201eWilhelm von der Bundeswehr\u201c auf. Mit viel Beifall wurde das umfangreiche Programm von den G\u00e4sten bedacht.<\/p>\n<p>Der Vorsitzende des Staverner Kirchenchors, Jens Suren-Schmits, begr\u00fc\u00dfte in seiner Ansprache alle aktiven Teilnehmer der Veranstaltung, die Besucher und bei den Ehreng\u00e4sten besonders Pfarrer Horstmann und den ehemaligen langj\u00e4hrigen Dirigenten Werner Sch\u00fcler. Anschlie\u00dfend f\u00fchrte Christoph B\u00fcter durch das abwechslungsreiche Programm. Mit sehr ansprechenden St\u00fccken, von \u201eSierra Madre del Sul\u201c bis \u201eGriechischer Wein\u201c, konnten die Ch\u00f6re ihr K\u00f6nnen unter Beweis stellen und animierten die G\u00e4ste zum Mitsingen. Aufgelockert wurde die Veranstaltung durch \u201eWilhelm von der Bundeswehr\u201c, der mit Erlebnissen aus seiner \u201eDienstzeit\u201c die G\u00e4ste bei bester Laune hielt. Mit anhaltendem Beifall und der Aufforderung zur Zugabe wurde der Auftritt der Tanzgruppe der Katholischen Frauengemeinschaft Stavern belohnt. Anschlie\u00dfend berichtete der ehemalige Dirigent aus der gemeinsamen Zeit der Ch\u00f6re. Vor genau 40 Jahren hatten die beiden damaligen Vereinsvorsitzenden, Hans Bruns aus Stavern und Hermann Brinkmann aus Werpeloh, bei einem verwandtschaftlichen Treffen die Idee, auf Vereinsebene n\u00e4her zusammen zuarbeiten. Sie wurde mit entsprechender Begeisterung umgesetzt und hat bis heute Bestand. Die gemeinsamen Maig\u00e4nge, Grillabende und Planwagenfahrten der Sangesbr\u00fcder brachten viele berichtenswerte D\u00f6nekens hervor. Diese konnte Werner Sch\u00fcler in seiner unnachahmlichen Art vortragen.<\/p>\n<p>Viel Applaus erntete die unter der Leitung von Sylvia Wessels erstmals \u00f6ffentlich aufgetretene Bl\u00e4serbande aus Stavern. Sie sind erst seit einigen Monaten aktiv dabei. Aber auch der Projektchor aus Stavern und das Bl\u00e4serteam Stavern\/Werpeloh animierte mit ihren Beitr\u00e4gen zum Schunkeln und Mitsingen.Mit gemeinsam vorgetragenen Gesangst\u00fccken begeisterten die beiden Ch\u00f6re zum Schluss das Publikum. <strong><\/strong><\/p>\n<p>Text\/Foto: Gerd Rode<\/p>\n<div id=\"attachment_17598\" style=\"width: 310px\" class=\"wp-caption alignnone\"><a href=\"https:\/\/www.forum-soegel.de\/information\/wp-content\/uploads\/2015\/12\/Konzertabend-in-Stavern-ein-voller-Erfolg.jpg\"><img loading=\"lazy\" decoding=\"async\" aria-describedby=\"caption-attachment-17598\" class=\"size-medium wp-image-17598\" title=\"Konzertabend in Stavern ein voller Erfolg\" src=\"https:\/\/www.forum-soegel.de\/information\/wp-content\/uploads\/2015\/12\/Konzertabend-in-Stavern-ein-voller-Erfolg-300x159.jpg\" alt=\"\" width=\"300\" height=\"159\" srcset=\"https:\/\/www.forum-soegel.de\/information\/wp-content\/uploads\/2015\/12\/Konzertabend-in-Stavern-ein-voller-Erfolg-300x159.jpg 300w, https:\/\/www.forum-soegel.de\/information\/wp-content\/uploads\/2015\/12\/Konzertabend-in-Stavern-ein-voller-Erfolg.jpg 1024w\" sizes=\"auto, (max-width: 300px) 100vw, 300px\" \/><\/a><p id=\"caption-attachment-17598\" class=\"wp-caption-text\">Die beiden Ch\u00f6re mit den Vorsitzenden, den Dirigenten, Christoph B\u00fcter und Werner Sch\u00fcler im Vordergrund<\/p><\/div>\n","protected":false},"excerpt":{"rendered":"40 Jahre Chorfreundschaft Stavern und Werpeloh Stavern &#8211; Anl\u00e4sslich der seit 40 Jahren bestehenden Freundschaft zwischen dem Kirchenchor St. Michael Stavern und dem Franziskuschor Werpeloh fand im Vereinslokal \u201eAltes Gasthaus Krange\u201c ein Konzertabend statt. Vor ausverkauftem Haus traten neben den beiden Ch\u00f6ren auch die Frauentanzgruppe der KFD Stavern, die Bl\u00e4serbande Stavern, das Bl\u00e4serteam Stavern\/Werpeloh und [&hellip;]\n","protected":false},"author":2,"featured_media":0,"comment_status":"closed","ping_status":"closed","sticky":false,"template":"","format":"standard","meta":{"ngg_post_thumbnail":0,"footnotes":""},"categories":[868],"tags":[],"class_list":["post-17597","post","type-post","status-publish","format-standard","hentry","category-zwischen-himmel-und-erde"],"_links":{"self":[{"href":"https:\/\/www.forum-soegel.de\/information\/wp-json\/wp\/v2\/posts\/17597","targetHints":{"allow":["GET"]}}],"collection":[{"href":"https:\/\/www.forum-soegel.de\/information\/wp-json\/wp\/v2\/posts"}],"about":[{"href":"https:\/\/www.forum-soegel.de\/information\/wp-json\/wp\/v2\/types\/post"}],"author":[{"embeddable":true,"href":"https:\/\/www.forum-soegel.de\/information\/wp-json\/wp\/v2\/users\/2"}],"replies":[{"embeddable":true,"href":"https:\/\/www.forum-soegel.de\/information\/wp-json\/wp\/v2\/comments?post=17597"}],"version-history":[{"count":1,"href":"https:\/\/www.forum-soegel.de\/information\/wp-json\/wp\/v2\/posts\/17597\/revisions"}],"predecessor-version":[{"id":17599,"href":"https:\/\/www.forum-soegel.de\/information\/wp-json\/wp\/v2\/posts\/17597\/revisions\/17599"}],"wp:attachment":[{"href":"https:\/\/www.forum-soegel.de\/information\/wp-json\/wp\/v2\/media?parent=17597"}],"wp:term":[{"taxonomy":"category","embeddable":true,"href":"https:\/\/www.forum-soegel.de\/information\/wp-json\/wp\/v2\/categories?post=17597"},{"taxonomy":"post_tag","embeddable":true,"href":"https:\/\/www.forum-soegel.de\/information\/wp-json\/wp\/v2\/tags?post=17597"}],"curies":[{"name":"wp","href":"https:\/\/api.w.org\/{rel}","templated":true}]}}