{"id":17593,"date":"2015-12-09T20:00:39","date_gmt":"2015-12-09T19:00:39","guid":{"rendered":"https:\/\/www.forum-soegel.de\/information\/?p=17593"},"modified":"2015-12-09T20:01:32","modified_gmt":"2015-12-09T19:01:32","slug":"kljb-spahnharrenstatte-spendet","status":"publish","type":"post","link":"https:\/\/www.forum-soegel.de\/information\/2015\/12\/kljb-spahnharrenstatte-spendet\/","title":{"rendered":"KLJB Spahnharrenst\u00e4tte spendet"},"content":{"rendered":"<p>Spahnharrenst\u00e4tte &#8211; Der F\u00f6rderverein Grundschule und Kita St. Johannes Spahnharrenst\u00e4tte e.V. darf sich \u00fcber eine Spende in H\u00f6he von 200 \u20ac freuen. Der Vorstand der Landjugend \u00fcbergab den Scheck dem Vorstand des F\u00f6rdervereins.<\/p>\n<p>In diesem Jahr fand die allj\u00e4hrliche Autowaschaktion im Zeichen einer Spendenaktion statt. Der Erl\u00f6s in H\u00f6he von 200 \u20ac ging an den F\u00f6rderverein der Grundschule und Kita. \u00a0Die Aktion fand bei der Freiwilligen Feuerwehr Spahnharrenst\u00e4tte statt. Die Anzahl der zu waschenden Autos war trotz schlechten Wetters erfreulicherweise \u00fcberraschend hoch. Neben einem erfolgreichen W\u00fcrstchen- und Getr\u00e4nkeverkauf f\u00fcllte sich die Spendenbox w\u00e4hrend der Aktion \u00e4u\u00dferst gut.<\/p>\n<p>An dieser Stelle m\u00f6chte sich die Landjugend bei allen Mitb\u00fcrgern von Spahnharrenst\u00e4tte f\u00fcr die tatkr\u00e4ftige Unterst\u00fctzung bedanken. Ebenso gilt der Dank der Freiwilligen Feuerwehr Spahnharrenst\u00e4tte f\u00fcr die Nutzung der R\u00e4umlichkeiten und dem zur Verf\u00fcgung gestellten Wasser.<\/p>\n<p>Text\/Foto: R\u00fcdebusch<\/p>\n<div class=\"mceTemp\">\n<dl id=\"attachment_17594\" class=\"wp-caption alignnone\" style=\"width: 310px;\">\n<dt class=\"wp-caption-dt\"><a href=\"https:\/\/www.forum-soegel.de\/information\/wp-content\/uploads\/2015\/12\/KLJB-Spahnharrenst\u00e4tte-spendet.png\"><img loading=\"lazy\" decoding=\"async\" class=\"size-medium wp-image-17594\" title=\"KLJB Spahnharrenst\u00e4tte spendet\" src=\"https:\/\/www.forum-soegel.de\/information\/wp-content\/uploads\/2015\/12\/KLJB-Spahnharrenst\u00e4tte-spendet-300x212.png\" alt=\"\" width=\"300\" height=\"212\" srcset=\"https:\/\/www.forum-soegel.de\/information\/wp-content\/uploads\/2015\/12\/KLJB-Spahnharrenst\u00e4tte-spendet-300x212.png 300w, https:\/\/www.forum-soegel.de\/information\/wp-content\/uploads\/2015\/12\/KLJB-Spahnharrenst\u00e4tte-spendet.png 1024w\" sizes=\"auto, (max-width: 300px) 100vw, 300px\" \/><\/a><\/dt>\n<dd class=\"wp-caption-dd\"><\/dd>\n<\/dl>\n<\/div>\n","protected":false},"excerpt":{"rendered":"Spahnharrenst\u00e4tte &#8211; Der F\u00f6rderverein Grundschule und Kita St. Johannes Spahnharrenst\u00e4tte e.V. darf sich \u00fcber eine Spende in H\u00f6he von 200 \u20ac freuen. Der Vorstand der Landjugend \u00fcbergab den Scheck dem Vorstand des F\u00f6rdervereins. In diesem Jahr fand die allj\u00e4hrliche Autowaschaktion im Zeichen einer Spendenaktion statt. Der Erl\u00f6s in H\u00f6he von 200 \u20ac ging an den [&hellip;]\n","protected":false},"author":2,"featured_media":0,"comment_status":"closed","ping_status":"closed","sticky":false,"template":"","format":"standard","meta":{"ngg_post_thumbnail":0,"footnotes":""},"categories":[868],"tags":[],"class_list":["post-17593","post","type-post","status-publish","format-standard","hentry","category-zwischen-himmel-und-erde"],"_links":{"self":[{"href":"https:\/\/www.forum-soegel.de\/information\/wp-json\/wp\/v2\/posts\/17593","targetHints":{"allow":["GET"]}}],"collection":[{"href":"https:\/\/www.forum-soegel.de\/information\/wp-json\/wp\/v2\/posts"}],"about":[{"href":"https:\/\/www.forum-soegel.de\/information\/wp-json\/wp\/v2\/types\/post"}],"author":[{"embeddable":true,"href":"https:\/\/www.forum-soegel.de\/information\/wp-json\/wp\/v2\/users\/2"}],"replies":[{"embeddable":true,"href":"https:\/\/www.forum-soegel.de\/information\/wp-json\/wp\/v2\/comments?post=17593"}],"version-history":[{"count":2,"href":"https:\/\/www.forum-soegel.de\/information\/wp-json\/wp\/v2\/posts\/17593\/revisions"}],"predecessor-version":[{"id":17596,"href":"https:\/\/www.forum-soegel.de\/information\/wp-json\/wp\/v2\/posts\/17593\/revisions\/17596"}],"wp:attachment":[{"href":"https:\/\/www.forum-soegel.de\/information\/wp-json\/wp\/v2\/media?parent=17593"}],"wp:term":[{"taxonomy":"category","embeddable":true,"href":"https:\/\/www.forum-soegel.de\/information\/wp-json\/wp\/v2\/categories?post=17593"},{"taxonomy":"post_tag","embeddable":true,"href":"https:\/\/www.forum-soegel.de\/information\/wp-json\/wp\/v2\/tags?post=17593"}],"curies":[{"name":"wp","href":"https:\/\/api.w.org\/{rel}","templated":true}]}}