{"id":17590,"date":"2015-12-09T19:58:54","date_gmt":"2015-12-09T18:58:54","guid":{"rendered":"https:\/\/www.forum-soegel.de\/information\/?p=17590"},"modified":"2015-12-09T19:58:54","modified_gmt":"2015-12-09T18:58:54","slug":"firma-quappen-uberrascht-mit-ausergewohnlichem-geschenk","status":"publish","type":"post","link":"https:\/\/www.forum-soegel.de\/information\/2015\/12\/firma-quappen-uberrascht-mit-ausergewohnlichem-geschenk\/","title":{"rendered":"Firma Quappen \u00fcberrascht mit au\u00dfergew\u00f6hnlichem Geschenk"},"content":{"rendered":"<div id=\"attachment_17591\" style=\"width: 278px\" class=\"wp-caption alignnone\"><a href=\"https:\/\/www.forum-soegel.de\/information\/wp-content\/uploads\/2015\/12\/Firma-Quappen-\u00fcberrascht-mit-au\u00dfergew\u00f6hnlichem-Geschenk.jpg\"><img loading=\"lazy\" decoding=\"async\" aria-describedby=\"caption-attachment-17591\" class=\"size-medium wp-image-17591\" title=\"Firma Quappen \u00fcberrascht mit au\u00dfergew\u00f6hnlichem Geschenk\" src=\"https:\/\/www.forum-soegel.de\/information\/wp-content\/uploads\/2015\/12\/Firma-Quappen-\u00fcberrascht-mit-au\u00dfergew\u00f6hnlichem-Geschenk-268x300.jpg\" alt=\"\" width=\"268\" height=\"300\" srcset=\"https:\/\/www.forum-soegel.de\/information\/wp-content\/uploads\/2015\/12\/Firma-Quappen-\u00fcberrascht-mit-au\u00dfergew\u00f6hnlichem-Geschenk-268x300.jpg 268w, https:\/\/www.forum-soegel.de\/information\/wp-content\/uploads\/2015\/12\/Firma-Quappen-\u00fcberrascht-mit-au\u00dfergew\u00f6hnlichem-Geschenk.jpg 688w\" sizes=\"auto, (max-width: 268px) 100vw, 268px\" \/><\/a><p id=\"caption-attachment-17591\" class=\"wp-caption-text\">S\u00f6gel - F\u00fcr jede Kindergarten- und Krippengruppe hat die Firma Quappen Symbole aus Holz wie Blumen, einen Schmetterling, einen Igel und eine Sonne f\u00fcr den Park am Familienzentrum St. Jakobus gestaltet. Ein Blickfang f\u00fcr jeden Garten sind besonders die Eulen und die M\u00e4use auf einem Baumstamm. Die Kinder der Eulennestgruppe mit Frau Julia Schwering und Leitung Irmgard Welling bedankten sich ganz herzlich bei Sabine Jansen- Quappen mit einem Blumenstrau\u00df.<\/p><\/div>\n<p>Text\/Foto: Irmgard Welling<\/p>\n","protected":false},"excerpt":{"rendered":"Text\/Foto: Irmgard Welling\n","protected":false},"author":2,"featured_media":0,"comment_status":"closed","ping_status":"closed","sticky":false,"template":"","format":"standard","meta":{"ngg_post_thumbnail":0,"footnotes":""},"categories":[868],"tags":[],"class_list":["post-17590","post","type-post","status-publish","format-standard","hentry","category-zwischen-himmel-und-erde"],"_links":{"self":[{"href":"https:\/\/www.forum-soegel.de\/information\/wp-json\/wp\/v2\/posts\/17590","targetHints":{"allow":["GET"]}}],"collection":[{"href":"https:\/\/www.forum-soegel.de\/information\/wp-json\/wp\/v2\/posts"}],"about":[{"href":"https:\/\/www.forum-soegel.de\/information\/wp-json\/wp\/v2\/types\/post"}],"author":[{"embeddable":true,"href":"https:\/\/www.forum-soegel.de\/information\/wp-json\/wp\/v2\/users\/2"}],"replies":[{"embeddable":true,"href":"https:\/\/www.forum-soegel.de\/information\/wp-json\/wp\/v2\/comments?post=17590"}],"version-history":[{"count":1,"href":"https:\/\/www.forum-soegel.de\/information\/wp-json\/wp\/v2\/posts\/17590\/revisions"}],"predecessor-version":[{"id":17592,"href":"https:\/\/www.forum-soegel.de\/information\/wp-json\/wp\/v2\/posts\/17590\/revisions\/17592"}],"wp:attachment":[{"href":"https:\/\/www.forum-soegel.de\/information\/wp-json\/wp\/v2\/media?parent=17590"}],"wp:term":[{"taxonomy":"category","embeddable":true,"href":"https:\/\/www.forum-soegel.de\/information\/wp-json\/wp\/v2\/categories?post=17590"},{"taxonomy":"post_tag","embeddable":true,"href":"https:\/\/www.forum-soegel.de\/information\/wp-json\/wp\/v2\/tags?post=17590"}],"curies":[{"name":"wp","href":"https:\/\/api.w.org\/{rel}","templated":true}]}}