{"id":17587,"date":"2015-12-09T19:57:06","date_gmt":"2015-12-09T18:57:06","guid":{"rendered":"https:\/\/www.forum-soegel.de\/information\/?p=17587"},"modified":"2015-12-09T19:57:06","modified_gmt":"2015-12-09T18:57:06","slug":"endlich-ein-schattenplatz-im-sandbereich-der-kita-arche-noah","status":"publish","type":"post","link":"https:\/\/www.forum-soegel.de\/information\/2015\/12\/endlich-ein-schattenplatz-im-sandbereich-der-kita-arche-noah\/","title":{"rendered":"Endlich ein Schattenplatz im Sandbereich der Kita Arche Noah"},"content":{"rendered":"<div id=\"attachment_17588\" style=\"width: 310px\" class=\"wp-caption alignnone\"><a href=\"https:\/\/www.forum-soegel.de\/information\/wp-content\/uploads\/2015\/12\/Endlich-ein-Schattenplatz-im-Sandbereich-der-Kita-Arche-Noah.jpg\"><img loading=\"lazy\" decoding=\"async\" aria-describedby=\"caption-attachment-17588\" class=\"size-medium wp-image-17588\" title=\"Endlich ein Schattenplatz im Sandbereich der Kita Arche Noah\" src=\"https:\/\/www.forum-soegel.de\/information\/wp-content\/uploads\/2015\/12\/Endlich-ein-Schattenplatz-im-Sandbereich-der-Kita-Arche-Noah-300x225.jpg\" alt=\"\" width=\"300\" height=\"225\" srcset=\"https:\/\/www.forum-soegel.de\/information\/wp-content\/uploads\/2015\/12\/Endlich-ein-Schattenplatz-im-Sandbereich-der-Kita-Arche-Noah-300x225.jpg 300w, https:\/\/www.forum-soegel.de\/information\/wp-content\/uploads\/2015\/12\/Endlich-ein-Schattenplatz-im-Sandbereich-der-Kita-Arche-Noah.jpg 1024w\" sizes=\"auto, (max-width: 300px) 100vw, 300px\" \/><\/a><p id=\"caption-attachment-17588\" class=\"wp-caption-text\">S\u00f6gel - Aus dem Erl\u00f6s der Palmstockaktion des Elternbeirats 2014\/2015 wurde f\u00fcr die Kindergartenkinder ein Sonnenschutz in Form eines Sonnensegels mit den dazugeh\u00f6rigen Befestigungsm\u00f6glichkeiten angeschafft. Die Kinder hatten w\u00e4hrend der hei\u00dfen Jahreszeit gerade im Sandspielbereich kaum eine M\u00f6glichkeit, sich im Schatten aufzuhalten. Nun freuen wir uns gemeinsam mit Eltern und Kindern \u00fcber die neue Beschattung und danken allen Beteiligten f\u00fcr ihr ehrenamtliches Engagement. <\/p><\/div>\n<p>Text\/Foto: Heike Rohe, Kita Arche Noah<\/p>\n","protected":false},"excerpt":{"rendered":"Text\/Foto: Heike Rohe, Kita Arche Noah\n","protected":false},"author":2,"featured_media":0,"comment_status":"closed","ping_status":"closed","sticky":false,"template":"","format":"standard","meta":{"ngg_post_thumbnail":0,"footnotes":""},"categories":[868],"tags":[],"class_list":["post-17587","post","type-post","status-publish","format-standard","hentry","category-zwischen-himmel-und-erde"],"_links":{"self":[{"href":"https:\/\/www.forum-soegel.de\/information\/wp-json\/wp\/v2\/posts\/17587","targetHints":{"allow":["GET"]}}],"collection":[{"href":"https:\/\/www.forum-soegel.de\/information\/wp-json\/wp\/v2\/posts"}],"about":[{"href":"https:\/\/www.forum-soegel.de\/information\/wp-json\/wp\/v2\/types\/post"}],"author":[{"embeddable":true,"href":"https:\/\/www.forum-soegel.de\/information\/wp-json\/wp\/v2\/users\/2"}],"replies":[{"embeddable":true,"href":"https:\/\/www.forum-soegel.de\/information\/wp-json\/wp\/v2\/comments?post=17587"}],"version-history":[{"count":1,"href":"https:\/\/www.forum-soegel.de\/information\/wp-json\/wp\/v2\/posts\/17587\/revisions"}],"predecessor-version":[{"id":17589,"href":"https:\/\/www.forum-soegel.de\/information\/wp-json\/wp\/v2\/posts\/17587\/revisions\/17589"}],"wp:attachment":[{"href":"https:\/\/www.forum-soegel.de\/information\/wp-json\/wp\/v2\/media?parent=17587"}],"wp:term":[{"taxonomy":"category","embeddable":true,"href":"https:\/\/www.forum-soegel.de\/information\/wp-json\/wp\/v2\/categories?post=17587"},{"taxonomy":"post_tag","embeddable":true,"href":"https:\/\/www.forum-soegel.de\/information\/wp-json\/wp\/v2\/tags?post=17587"}],"curies":[{"name":"wp","href":"https:\/\/api.w.org\/{rel}","templated":true}]}}