{"id":17583,"date":"2015-12-09T19:55:02","date_gmt":"2015-12-09T18:55:02","guid":{"rendered":"https:\/\/www.forum-soegel.de\/information\/?p=17583"},"modified":"2015-12-09T19:55:02","modified_gmt":"2015-12-09T18:55:02","slug":"gros-und-klein-helfen-bei-sandaktion-in-der-kita-arche-noah","status":"publish","type":"post","link":"https:\/\/www.forum-soegel.de\/information\/2015\/12\/gros-und-klein-helfen-bei-sandaktion-in-der-kita-arche-noah\/","title":{"rendered":"Gro\u00df und Klein helfen bei Sandaktion in der Kita Arche Noah"},"content":{"rendered":"<p>S\u00f6gel \u2013 Im September versammelten sich viele flei\u00dfige Helfer, um die Sanddecke im Sandspielbereich und unter den Spielger\u00e4ten zu erneuern.<br \/>\nEltern und Kinder waren aufgerufen, sich an der Aktion zu beteiligen.<br \/>\nEs galt, eine gro\u00dfe Lasterladung Spielsand auf die entsprechenden Bereiche zu verteilen. Schnell wurde den Beteiligten klar, dass dies mit Schaufel und Schubkarre einen enormen Arbeits- und Zeitaufwand mit sich brachte. Gl\u00fccklicherweise hatte ein Vater die z\u00fcndende Idee: ein Radlader muss her!<br \/>\nSo rief man kurzerhand bei der Firma K\u00fcnnen an, die umgehend und kostenlos einen solchen zur Verf\u00fcgung stellte. Als Fahrer fungierte Clemens Sandker, ein\u00a0 Vater, der an der Aktion teilnahm. Bei den Vorarbeiten wurden wir freundlicher-weise von der Firma Grote sowie Stefan Fleerkamp unterst\u00fctzt.<\/p>\n<p>Text\/Foto: Heike Rohe, Kita Arche Noah<\/p>\n<p><a href=\"https:\/\/www.forum-soegel.de\/information\/wp-content\/uploads\/2015\/12\/Gro\u00df-und-Klein-helfen-bei-Sandaktion-in-der-Kita-Arche-Noah1.jpg\"><img loading=\"lazy\" decoding=\"async\" class=\"alignnone size-thumbnail wp-image-17584\" title=\"Gro\u00df und Klein helfen bei Sandaktion in der Kita Arche Noah1\" src=\"https:\/\/www.forum-soegel.de\/information\/wp-content\/uploads\/2015\/12\/Gro\u00df-und-Klein-helfen-bei-Sandaktion-in-der-Kita-Arche-Noah1-150x150.jpg\" alt=\"\" width=\"150\" height=\"150\" \/><\/a>\u00a0\u00a0<a href=\"https:\/\/www.forum-soegel.de\/information\/wp-content\/uploads\/2015\/12\/Gro\u00df-und-Klein-helfen-bei-Sandaktion-in-der-Kita-Arche-Noah2.jpg\"><img loading=\"lazy\" decoding=\"async\" class=\"alignnone size-thumbnail wp-image-17585\" title=\"Gro\u00df und Klein helfen bei Sandaktion in der Kita Arche Noah2\" src=\"https:\/\/www.forum-soegel.de\/information\/wp-content\/uploads\/2015\/12\/Gro\u00df-und-Klein-helfen-bei-Sandaktion-in-der-Kita-Arche-Noah2-150x150.jpg\" alt=\"\" width=\"150\" height=\"150\" \/><\/a><\/p>\n<p>&nbsp;<\/p>\n","protected":false},"excerpt":{"rendered":"S\u00f6gel \u2013 Im September versammelten sich viele flei\u00dfige Helfer, um die Sanddecke im Sandspielbereich und unter den Spielger\u00e4ten zu erneuern. Eltern und Kinder waren aufgerufen, sich an der Aktion zu beteiligen. Es galt, eine gro\u00dfe Lasterladung Spielsand auf die entsprechenden Bereiche zu verteilen. Schnell wurde den Beteiligten klar, dass dies mit Schaufel und Schubkarre einen [&hellip;]\n","protected":false},"author":2,"featured_media":0,"comment_status":"closed","ping_status":"closed","sticky":false,"template":"","format":"standard","meta":{"ngg_post_thumbnail":0,"footnotes":""},"categories":[868],"tags":[],"class_list":["post-17583","post","type-post","status-publish","format-standard","hentry","category-zwischen-himmel-und-erde"],"_links":{"self":[{"href":"https:\/\/www.forum-soegel.de\/information\/wp-json\/wp\/v2\/posts\/17583","targetHints":{"allow":["GET"]}}],"collection":[{"href":"https:\/\/www.forum-soegel.de\/information\/wp-json\/wp\/v2\/posts"}],"about":[{"href":"https:\/\/www.forum-soegel.de\/information\/wp-json\/wp\/v2\/types\/post"}],"author":[{"embeddable":true,"href":"https:\/\/www.forum-soegel.de\/information\/wp-json\/wp\/v2\/users\/2"}],"replies":[{"embeddable":true,"href":"https:\/\/www.forum-soegel.de\/information\/wp-json\/wp\/v2\/comments?post=17583"}],"version-history":[{"count":1,"href":"https:\/\/www.forum-soegel.de\/information\/wp-json\/wp\/v2\/posts\/17583\/revisions"}],"predecessor-version":[{"id":17586,"href":"https:\/\/www.forum-soegel.de\/information\/wp-json\/wp\/v2\/posts\/17583\/revisions\/17586"}],"wp:attachment":[{"href":"https:\/\/www.forum-soegel.de\/information\/wp-json\/wp\/v2\/media?parent=17583"}],"wp:term":[{"taxonomy":"category","embeddable":true,"href":"https:\/\/www.forum-soegel.de\/information\/wp-json\/wp\/v2\/categories?post=17583"},{"taxonomy":"post_tag","embeddable":true,"href":"https:\/\/www.forum-soegel.de\/information\/wp-json\/wp\/v2\/tags?post=17583"}],"curies":[{"name":"wp","href":"https:\/\/api.w.org\/{rel}","templated":true}]}}