{"id":17580,"date":"2015-12-09T19:53:31","date_gmt":"2015-12-09T18:53:31","guid":{"rendered":"https:\/\/www.forum-soegel.de\/information\/?p=17580"},"modified":"2015-12-09T19:53:31","modified_gmt":"2015-12-09T18:53:31","slug":"trettrecker-fur-den-kindergarten-st-michael-stavern","status":"publish","type":"post","link":"https:\/\/www.forum-soegel.de\/information\/2015\/12\/trettrecker-fur-den-kindergarten-st-michael-stavern\/","title":{"rendered":"Trettrecker f\u00fcr den Kindergarten St. Michael Stavern"},"content":{"rendered":"<p>Stavern \u2013 \u00dcber zwei Trettrecker freuen sich die Kindergartenkinder des St. Michal Kindergarten. Diese Spende wurde durch den KTSV stellvertretend f\u00fcr die Kinder an die Erzieherinnen Rita Eikens und Heike Br\u00fcggen bei ihrem monatlich stattfindenden Treffen im Gasthof Gerdes \u00fcberreicht.<\/p>\n<p>Der KTSV \u201eKautittenstrickverein\u201c veranstaltete nunmehr zum f\u00fcnften Mal ein, au\u00dfergew\u00f6hnliches, Event in Stavern. Durch die zuletzt organsierte und durchgef\u00fchrte Veranstaltung, dem \u201eGrasdarten\u201c, wurde diese Spende erst m\u00f6glich gemacht. In verschiedene Altersgruppen unterteilet, konnten Kinder und auch Erwachsene gegeneinander antreten. Angefangen haben diese Events mit dem \u201ePfahlsitzen\u201c. Danach folgten das \u201eBierfassweitwurf\u201c, das \u201eWasserbagger\u201c und \u201eLooping Louie\u201c. Die Mitglieder, ob aktiv oder auch passiv, scheuen keine Herausforderung. So wurde das \u201eLooping Louie\u201c mit einer eigenen Konstruktion und von Motoren angetrieben, in einer XXL-Ausf\u00fchrung, angefertigt. Dieses Spiel wurde bereits von verschiedenen Vereinen im n\u00e4heren und auch weiteren Umkreis gebucht.<\/p>\n<p>Derzeit finden Vorbereitungen zur n\u00e4chsten Veranstaltung statt. Wir d\u00fcrfen gespannt sein, was und wieder dargeboten wird.<\/p>\n<p>Text\/Foto: Anke Schuckenbrock<\/p>\n<p><a href=\"https:\/\/www.forum-soegel.de\/information\/wp-content\/uploads\/2015\/12\/Trettrecker-f\u00fcr-den-Kindergarten-St.-Michael-Stavern.jpg\"><img loading=\"lazy\" decoding=\"async\" class=\"alignnone size-medium wp-image-17581\" title=\"Trettrecker f\u00fcr den Kindergarten St. Michael Stavern\" src=\"https:\/\/www.forum-soegel.de\/information\/wp-content\/uploads\/2015\/12\/Trettrecker-f\u00fcr-den-Kindergarten-St.-Michael-Stavern-300x225.jpg\" alt=\"\" width=\"300\" height=\"225\" srcset=\"https:\/\/www.forum-soegel.de\/information\/wp-content\/uploads\/2015\/12\/Trettrecker-f\u00fcr-den-Kindergarten-St.-Michael-Stavern-300x225.jpg 300w, https:\/\/www.forum-soegel.de\/information\/wp-content\/uploads\/2015\/12\/Trettrecker-f\u00fcr-den-Kindergarten-St.-Michael-Stavern.jpg 1024w\" sizes=\"auto, (max-width: 300px) 100vw, 300px\" \/><\/a><\/p>\n<p>&nbsp;<\/p>\n","protected":false},"excerpt":{"rendered":"Stavern \u2013 \u00dcber zwei Trettrecker freuen sich die Kindergartenkinder des St. Michal Kindergarten. Diese Spende wurde durch den KTSV stellvertretend f\u00fcr die Kinder an die Erzieherinnen Rita Eikens und Heike Br\u00fcggen bei ihrem monatlich stattfindenden Treffen im Gasthof Gerdes \u00fcberreicht. Der KTSV \u201eKautittenstrickverein\u201c veranstaltete nunmehr zum f\u00fcnften Mal ein, au\u00dfergew\u00f6hnliches, Event in Stavern. Durch die [&hellip;]\n","protected":false},"author":2,"featured_media":0,"comment_status":"closed","ping_status":"closed","sticky":false,"template":"","format":"standard","meta":{"ngg_post_thumbnail":0,"footnotes":""},"categories":[868],"tags":[],"class_list":["post-17580","post","type-post","status-publish","format-standard","hentry","category-zwischen-himmel-und-erde"],"_links":{"self":[{"href":"https:\/\/www.forum-soegel.de\/information\/wp-json\/wp\/v2\/posts\/17580","targetHints":{"allow":["GET"]}}],"collection":[{"href":"https:\/\/www.forum-soegel.de\/information\/wp-json\/wp\/v2\/posts"}],"about":[{"href":"https:\/\/www.forum-soegel.de\/information\/wp-json\/wp\/v2\/types\/post"}],"author":[{"embeddable":true,"href":"https:\/\/www.forum-soegel.de\/information\/wp-json\/wp\/v2\/users\/2"}],"replies":[{"embeddable":true,"href":"https:\/\/www.forum-soegel.de\/information\/wp-json\/wp\/v2\/comments?post=17580"}],"version-history":[{"count":1,"href":"https:\/\/www.forum-soegel.de\/information\/wp-json\/wp\/v2\/posts\/17580\/revisions"}],"predecessor-version":[{"id":17582,"href":"https:\/\/www.forum-soegel.de\/information\/wp-json\/wp\/v2\/posts\/17580\/revisions\/17582"}],"wp:attachment":[{"href":"https:\/\/www.forum-soegel.de\/information\/wp-json\/wp\/v2\/media?parent=17580"}],"wp:term":[{"taxonomy":"category","embeddable":true,"href":"https:\/\/www.forum-soegel.de\/information\/wp-json\/wp\/v2\/categories?post=17580"},{"taxonomy":"post_tag","embeddable":true,"href":"https:\/\/www.forum-soegel.de\/information\/wp-json\/wp\/v2\/tags?post=17580"}],"curies":[{"name":"wp","href":"https:\/\/api.w.org\/{rel}","templated":true}]}}