{"id":17576,"date":"2015-12-09T19:51:54","date_gmt":"2015-12-09T18:51:54","guid":{"rendered":"https:\/\/www.forum-soegel.de\/information\/?p=17576"},"modified":"2015-12-09T19:52:28","modified_gmt":"2015-12-09T18:52:28","slug":"messdiener-aus-st-johannes-der-taufer-spahnharrenstatte-on-tour","status":"publish","type":"post","link":"https:\/\/www.forum-soegel.de\/information\/2015\/12\/messdiener-aus-st-johannes-der-taufer-spahnharrenstatte-on-tour\/","title":{"rendered":"Messdiener aus St. Johannes der T\u00e4ufer Spahnharrenst\u00e4tte on tour"},"content":{"rendered":"<div id=\"attachment_17577\" style=\"width: 310px\" class=\"wp-caption alignnone\"><a href=\"https:\/\/www.forum-soegel.de\/information\/wp-content\/uploads\/2015\/12\/Messdiener-aus-St.-Johannes-der-T\u00e4ufer-Spahnharrenst\u00e4tte-on-tour.jpg\"><img loading=\"lazy\" decoding=\"async\" aria-describedby=\"caption-attachment-17577\" class=\"size-medium wp-image-17577\" title=\"Messdiener aus St. Johannes der T\u00e4ufer Spahnharrenst\u00e4tte on tour\" src=\"https:\/\/www.forum-soegel.de\/information\/wp-content\/uploads\/2015\/12\/Messdiener-aus-St.-Johannes-der-T\u00e4ufer-Spahnharrenst\u00e4tte-on-tour-300x168.jpg\" alt=\"\" width=\"300\" height=\"168\" srcset=\"https:\/\/www.forum-soegel.de\/information\/wp-content\/uploads\/2015\/12\/Messdiener-aus-St.-Johannes-der-T\u00e4ufer-Spahnharrenst\u00e4tte-on-tour-300x168.jpg 300w, https:\/\/www.forum-soegel.de\/information\/wp-content\/uploads\/2015\/12\/Messdiener-aus-St.-Johannes-der-T\u00e4ufer-Spahnharrenst\u00e4tte-on-tour.jpg 1024w\" sizes=\"auto, (max-width: 300px) 100vw, 300px\" \/><\/a><p id=\"caption-attachment-17577\" class=\"wp-caption-text\">Spahnharrenst\u00e4tte - Knapp 40 Messdiener\/innen machten sich am Samstag, dem 17. Oktober auf den Weg zur Eissporthalle nach Osnabr\u00fcck. Nach anf\u00e4nglichen kleinen Schwierigkeiten mit der neuen Fu\u00dfbekleidung standen alle nach kurzer Zeit sicher auf dem Eis und hatten gro\u00dfen Spa\u00df an der Eis-Disco mit bunten Disco-Lichtern und cooler Musik. Begleitet wurde die Messdienerschaft vom Pfarrgemeinderat Spahnharrenst\u00e4tte, der diese Fahrt als Dankesch\u00f6n f\u00fcr den treuen Dienst am Altar organisiert hat. Text und Foto: PGR Sph.<\/p><\/div>\n<p>&nbsp;<\/p>\n","protected":false},"excerpt":{"rendered":"&nbsp;\n","protected":false},"author":2,"featured_media":0,"comment_status":"closed","ping_status":"closed","sticky":false,"template":"","format":"standard","meta":{"ngg_post_thumbnail":0,"footnotes":""},"categories":[868],"tags":[],"class_list":["post-17576","post","type-post","status-publish","format-standard","hentry","category-zwischen-himmel-und-erde"],"_links":{"self":[{"href":"https:\/\/www.forum-soegel.de\/information\/wp-json\/wp\/v2\/posts\/17576","targetHints":{"allow":["GET"]}}],"collection":[{"href":"https:\/\/www.forum-soegel.de\/information\/wp-json\/wp\/v2\/posts"}],"about":[{"href":"https:\/\/www.forum-soegel.de\/information\/wp-json\/wp\/v2\/types\/post"}],"author":[{"embeddable":true,"href":"https:\/\/www.forum-soegel.de\/information\/wp-json\/wp\/v2\/users\/2"}],"replies":[{"embeddable":true,"href":"https:\/\/www.forum-soegel.de\/information\/wp-json\/wp\/v2\/comments?post=17576"}],"version-history":[{"count":2,"href":"https:\/\/www.forum-soegel.de\/information\/wp-json\/wp\/v2\/posts\/17576\/revisions"}],"predecessor-version":[{"id":17579,"href":"https:\/\/www.forum-soegel.de\/information\/wp-json\/wp\/v2\/posts\/17576\/revisions\/17579"}],"wp:attachment":[{"href":"https:\/\/www.forum-soegel.de\/information\/wp-json\/wp\/v2\/media?parent=17576"}],"wp:term":[{"taxonomy":"category","embeddable":true,"href":"https:\/\/www.forum-soegel.de\/information\/wp-json\/wp\/v2\/categories?post=17576"},{"taxonomy":"post_tag","embeddable":true,"href":"https:\/\/www.forum-soegel.de\/information\/wp-json\/wp\/v2\/tags?post=17576"}],"curies":[{"name":"wp","href":"https:\/\/api.w.org\/{rel}","templated":true}]}}