{"id":17573,"date":"2015-12-09T19:50:07","date_gmt":"2015-12-09T18:50:07","guid":{"rendered":"https:\/\/www.forum-soegel.de\/information\/?p=17573"},"modified":"2015-12-09T19:50:07","modified_gmt":"2015-12-09T18:50:07","slug":"erstkommunionkinder-stellen-sich-vor","status":"publish","type":"post","link":"https:\/\/www.forum-soegel.de\/information\/2015\/12\/erstkommunionkinder-stellen-sich-vor\/","title":{"rendered":"Erstkommunionkinder stellen sich vor"},"content":{"rendered":"<p style=\"text-align: left;\" align=\"center\"><strong><em>-\u201eEine Liebe die sich gewaschen hat\u201c-<\/em><\/strong><\/p>\n<p style=\"text-align: left;\">Stavern \u2013 Unter dem diesj\u00e4hrigen Motto \u201eEine Liebe die sich gewaschen hat\u201c, stellten sich die Erstkommunionkinder der St.-Michael-Gemeinde, Stavern beim Einf\u00fchrungsgottesdienst vor. Durch das Leitwort, ausgehend von der \u201eFu\u00dfwaschung Jesu\u201c (Johannes 13, 1-15) sollen in diesem Jahr besonders die Themen Danken, Helfen, Teilen, Eucharistie und das Sich-Einsetzen f\u00fcr andere in den Vordergrund gestellt werden. Durch die Bedeutung der Fu\u00dfwaschung soll ein Zeichen gegeben werden: Seid f\u00fcreinander da. Keiner soll denken, dass er etwas Besseres ist als der andere. Nur wenn wir so denken und auch so handeln, haben wir Gemeinschaft. Denn das bringt uns alle zum Nachdenken \u2013 \u00fcber uns selber und \u00fcber unseren Umgang mit anderen Menschen.<\/p>\n<p>Die Kinder die sich in diesem Jahr auf die Erstkommunion vorbereiten sind: Lucas Brunklaus, Leon Keuter, Lukas Kilinc, Elisa Lammers, Sophie Malachinsky, Henry Schuckenbrock und Mattes Tangen<\/p>\n<p>Text: Anke Schuckenbrock \/ Foto: Tanja Brunklaus<\/p>\n<p><a href=\"https:\/\/www.forum-soegel.de\/information\/wp-content\/uploads\/2015\/12\/Erstkommunionkinder-stellen-sich-vor.jpg\"><img loading=\"lazy\" decoding=\"async\" class=\"alignnone size-medium wp-image-17574\" title=\"Erstkommunionkinder stellen sich vor\" src=\"https:\/\/www.forum-soegel.de\/information\/wp-content\/uploads\/2015\/12\/Erstkommunionkinder-stellen-sich-vor-230x300.jpg\" alt=\"\" width=\"230\" height=\"300\" srcset=\"https:\/\/www.forum-soegel.de\/information\/wp-content\/uploads\/2015\/12\/Erstkommunionkinder-stellen-sich-vor-230x300.jpg 230w, https:\/\/www.forum-soegel.de\/information\/wp-content\/uploads\/2015\/12\/Erstkommunionkinder-stellen-sich-vor.jpg 589w\" sizes=\"auto, (max-width: 230px) 100vw, 230px\" \/><\/a><\/p>\n","protected":false},"excerpt":{"rendered":"-\u201eEine Liebe die sich gewaschen hat\u201c- Stavern \u2013 Unter dem diesj\u00e4hrigen Motto \u201eEine Liebe die sich gewaschen hat\u201c, stellten sich die Erstkommunionkinder der St.-Michael-Gemeinde, Stavern beim Einf\u00fchrungsgottesdienst vor. Durch das Leitwort, ausgehend von der \u201eFu\u00dfwaschung Jesu\u201c (Johannes 13, 1-15) sollen in diesem Jahr besonders die Themen Danken, Helfen, Teilen, Eucharistie und das Sich-Einsetzen f\u00fcr andere [&hellip;]\n","protected":false},"author":2,"featured_media":0,"comment_status":"closed","ping_status":"closed","sticky":false,"template":"","format":"standard","meta":{"ngg_post_thumbnail":0,"footnotes":""},"categories":[868],"tags":[],"class_list":["post-17573","post","type-post","status-publish","format-standard","hentry","category-zwischen-himmel-und-erde"],"_links":{"self":[{"href":"https:\/\/www.forum-soegel.de\/information\/wp-json\/wp\/v2\/posts\/17573","targetHints":{"allow":["GET"]}}],"collection":[{"href":"https:\/\/www.forum-soegel.de\/information\/wp-json\/wp\/v2\/posts"}],"about":[{"href":"https:\/\/www.forum-soegel.de\/information\/wp-json\/wp\/v2\/types\/post"}],"author":[{"embeddable":true,"href":"https:\/\/www.forum-soegel.de\/information\/wp-json\/wp\/v2\/users\/2"}],"replies":[{"embeddable":true,"href":"https:\/\/www.forum-soegel.de\/information\/wp-json\/wp\/v2\/comments?post=17573"}],"version-history":[{"count":1,"href":"https:\/\/www.forum-soegel.de\/information\/wp-json\/wp\/v2\/posts\/17573\/revisions"}],"predecessor-version":[{"id":17575,"href":"https:\/\/www.forum-soegel.de\/information\/wp-json\/wp\/v2\/posts\/17573\/revisions\/17575"}],"wp:attachment":[{"href":"https:\/\/www.forum-soegel.de\/information\/wp-json\/wp\/v2\/media?parent=17573"}],"wp:term":[{"taxonomy":"category","embeddable":true,"href":"https:\/\/www.forum-soegel.de\/information\/wp-json\/wp\/v2\/categories?post=17573"},{"taxonomy":"post_tag","embeddable":true,"href":"https:\/\/www.forum-soegel.de\/information\/wp-json\/wp\/v2\/tags?post=17573"}],"curies":[{"name":"wp","href":"https:\/\/api.w.org\/{rel}","templated":true}]}}