{"id":17567,"date":"2015-12-09T19:46:59","date_gmt":"2015-12-09T18:46:59","guid":{"rendered":"https:\/\/www.forum-soegel.de\/information\/?p=17567"},"modified":"2015-12-09T19:46:59","modified_gmt":"2015-12-09T18:46:59","slug":"schulmuseum-und-kurbishof-besucht","status":"publish","type":"post","link":"https:\/\/www.forum-soegel.de\/information\/2015\/12\/schulmuseum-und-kurbishof-besucht\/","title":{"rendered":"Schulmuseum und K\u00fcrbishof besucht"},"content":{"rendered":"<div id=\"attachment_17568\" style=\"width: 310px\" class=\"wp-caption alignnone\"><a href=\"https:\/\/www.forum-soegel.de\/information\/wp-content\/uploads\/2015\/12\/Schulmuseum-und-K\u00fcrbishof-besucht.jpg\"><img loading=\"lazy\" decoding=\"async\" aria-describedby=\"caption-attachment-17568\" class=\"size-medium wp-image-17568\" title=\"Schulmuseum und K\u00fcrbishof besucht\" src=\"https:\/\/www.forum-soegel.de\/information\/wp-content\/uploads\/2015\/12\/Schulmuseum-und-K\u00fcrbishof-besucht-300x179.jpg\" alt=\"\" width=\"300\" height=\"179\" srcset=\"https:\/\/www.forum-soegel.de\/information\/wp-content\/uploads\/2015\/12\/Schulmuseum-und-K\u00fcrbishof-besucht-300x179.jpg 300w, https:\/\/www.forum-soegel.de\/information\/wp-content\/uploads\/2015\/12\/Schulmuseum-und-K\u00fcrbishof-besucht.jpg 1024w\" sizes=\"auto, (max-width: 300px) 100vw, 300px\" \/><\/a><p id=\"caption-attachment-17568\" class=\"wp-caption-text\">H\u00fcven - Auf Einladung der Kfd H\u016bven\/Eisten fuhren 24 Frauen zum Schulmuseum nach Folmhusen. Dort durften sie eine Unterrichtsstunde von vor 100 Jahren erleben. Im Anschluss machten sie noch Halt bei dem K\u00fcrbishof Schmid. Nachdem sie zahlreiche Informationen \u00fcber den K\u00fcrbis erhalten hatten, durften sie verschiedene Gerichte vom K\u00fcrbis am Buffet genie\u00dfen. Text\/Foto: kfd H\u00fcven\/Eisten<\/p><\/div>\n","protected":false},"excerpt":{"rendered":"","protected":false},"author":2,"featured_media":0,"comment_status":"closed","ping_status":"closed","sticky":false,"template":"","format":"standard","meta":{"ngg_post_thumbnail":0,"footnotes":""},"categories":[868],"tags":[],"class_list":["post-17567","post","type-post","status-publish","format-standard","hentry","category-zwischen-himmel-und-erde"],"_links":{"self":[{"href":"https:\/\/www.forum-soegel.de\/information\/wp-json\/wp\/v2\/posts\/17567","targetHints":{"allow":["GET"]}}],"collection":[{"href":"https:\/\/www.forum-soegel.de\/information\/wp-json\/wp\/v2\/posts"}],"about":[{"href":"https:\/\/www.forum-soegel.de\/information\/wp-json\/wp\/v2\/types\/post"}],"author":[{"embeddable":true,"href":"https:\/\/www.forum-soegel.de\/information\/wp-json\/wp\/v2\/users\/2"}],"replies":[{"embeddable":true,"href":"https:\/\/www.forum-soegel.de\/information\/wp-json\/wp\/v2\/comments?post=17567"}],"version-history":[{"count":1,"href":"https:\/\/www.forum-soegel.de\/information\/wp-json\/wp\/v2\/posts\/17567\/revisions"}],"predecessor-version":[{"id":17569,"href":"https:\/\/www.forum-soegel.de\/information\/wp-json\/wp\/v2\/posts\/17567\/revisions\/17569"}],"wp:attachment":[{"href":"https:\/\/www.forum-soegel.de\/information\/wp-json\/wp\/v2\/media?parent=17567"}],"wp:term":[{"taxonomy":"category","embeddable":true,"href":"https:\/\/www.forum-soegel.de\/information\/wp-json\/wp\/v2\/categories?post=17567"},{"taxonomy":"post_tag","embeddable":true,"href":"https:\/\/www.forum-soegel.de\/information\/wp-json\/wp\/v2\/tags?post=17567"}],"curies":[{"name":"wp","href":"https:\/\/api.w.org\/{rel}","templated":true}]}}