{"id":17563,"date":"2015-12-09T19:45:33","date_gmt":"2015-12-09T18:45:33","guid":{"rendered":"https:\/\/www.forum-soegel.de\/information\/?p=17563"},"modified":"2015-12-09T19:45:33","modified_gmt":"2015-12-09T18:45:33","slug":"kfd-sogel-spendet-fur-gute-zwecke","status":"publish","type":"post","link":"https:\/\/www.forum-soegel.de\/information\/2015\/12\/kfd-sogel-spendet-fur-gute-zwecke\/","title":{"rendered":"Kfd S\u00f6gel spendet f\u00fcr gute Zwecke"},"content":{"rendered":"<p><a href=\"https:\/\/www.forum-soegel.de\/information\/wp-content\/uploads\/2015\/12\/Kfd-S\u00f6gel-spendet-f\u00fcr-gute-Zwecke2.jpg\"><img loading=\"lazy\" decoding=\"async\" class=\"alignleft size-medium wp-image-17565\" title=\"Kfd S\u00f6gel spendet f\u00fcr gute Zwecke2\" src=\"https:\/\/www.forum-soegel.de\/information\/wp-content\/uploads\/2015\/12\/Kfd-S\u00f6gel-spendet-f\u00fcr-gute-Zwecke2-300x148.jpg\" alt=\"\" width=\"300\" height=\"148\" srcset=\"https:\/\/www.forum-soegel.de\/information\/wp-content\/uploads\/2015\/12\/Kfd-S\u00f6gel-spendet-f\u00fcr-gute-Zwecke2-300x148.jpg 300w, https:\/\/www.forum-soegel.de\/information\/wp-content\/uploads\/2015\/12\/Kfd-S\u00f6gel-spendet-f\u00fcr-gute-Zwecke2.jpg 1024w\" sizes=\"auto, (max-width: 300px) 100vw, 300px\" \/><\/a>S\u00f6gel &#8211; Die kfd S\u00f6gel spendete traditionsgem\u00e4\u00df auch in diesem Jahr einen Teil ihrer Erl\u00f6se f\u00fcr gute Zwecke. \u00a0\u201eDas Geld stammt aus dem Kaffee &#8211; und Kuchenverkauf verschiedener Veranstaltungen sowie aus dem Neujahrskuchen-, Marmeladen &#8211; und Lik\u00f6rverkauf auf dem Weihnachtsmarkt\u201c, erkl\u00e4rte das kfd -Leitungsteam mit Irmgard Schlangen-Otten, Marie-Luise Br\u00fcmmer, Gertrud Janssen und Maria B\u00fcter, und sie f\u00fcgten hinzu: \u00a0\u201eDas gro\u00dfe ehrenamtliche Engagement der kfd &#8211; Frauen hat dazu beigetragen, dass wir in diesem Jahr 3 Organisationen mit einer Spende f\u00fcr gute Zwecke unterst\u00fctzen k\u00f6nnen.\u201c<\/p>\n<p>Diesmal an der Reihe war das Heiligabendteam, das mit den Familien Pl\u00fcster, Jaekel und Heumann nun schon seit 5 Jahren \u00a0daf\u00fcr sorgt, dass weiterhin am Heiligen Abend in der Samtgemeinde S\u00f6gel keiner allein sein muss. Monika Pl\u00fcster nahm die Spende in H\u00f6he von 250,00 \u20ac mit Freude und Dank entgegen und gab zu verstehen, dass im Namen des Seniorenzentrums im L\u00e4ndlichen Raum- S\u00f6gel e.V. \u00e4ltere und allein lebende B\u00fcrger und B\u00fcrgerinnen ins \u201eKatharina-von-Bora Haus\u201c der ev. Markusgemeinde S\u00f6gel eingeladen seien, um dort gemeinsam den Heiligen Abend zu verbringen. \u00a0Dabei werde ein Fahrdienst mit dem Seniorenmobil\u00a0 organisiert, und f\u00fcr \u00a0ein festliches Men\u00fc und Getr\u00e4nke sei ebenfalls gesorgt. Insgesamt werde ein Kostenbeitrag von 10,00 \u20ac eingesammelt. \u00a0\u201eEs werden Geschichten vorgelesen, kleine Geschenke verteilt und gemeinsam Weihnachtslieder gesungen. Es wird sogar gewichtelt. Kleine Wichtelgeschenke bringen die Teilnehmer selbst mit. Die Menschen sind sehr dankbar daf\u00fcr, dass sie den Heiligen Abend nicht einsam und allein, sondern in harmonischer Gemeinschaft verbringen k\u00f6nnen\u201c, erw\u00e4hnte Monika Pl\u00fcster und f\u00fcgte hinzu: \u201eWir freuen uns schon auf zahlreiche Anmeldungen f\u00fcr dieses Jahr, die allerdings bis zum 15.12.2015 unter der Telefon-Nr. 05952-3022 erfolgen m\u00fcssten.\u201c<\/p>\n<p>Ebenfalls freute sich Fachberaterin Helene Kurka vom Kolping-Jugend-Migrationsdienst \u00fcber eine Spende in H\u00f6he von 500,00 \u20ac. \u00a0Kurka hatte im September zum zweiten Mal das Fest der Kulturen in S\u00f6gel auf die Beine gestellt, bei dem die kfd die Cafeteria \u00fcbernommen hatte und nun den Reinerl\u00f6s f\u00fcr den Migrationsdienst \u00fcbergab. \u201eEinen Teil \u00a0des Geldes m\u00f6chte ich\u00a0 f\u00fcr eine Familie aus Albanien verwenden, die seit 2 Jahren in S\u00f6gel lebt, voll integriert ist und nun abgeschoben werden soll\u201c, sagte Helene Kurka.<\/p>\n<p>Mit herzlichen Dankesworten nahm auch\u00a0 Michael Strodt als Vorsitzender des Hospizvereins in S\u00f6gel eine Spende in H\u00f6he von 250,00 \u20ac entgegen und gab zu verstehen: \u201eDer Hospizverein finanziert seinen Dienst ausschlie\u00dflich durch Spenden. Das Geld wird zu 100 Prozent f\u00fcr die Ausbildung ehrenamtlicher\u00a0 Hospizhelfer und Helferinnen verwendet, die die Kranken und Sterbenden in der letzten Lebensphase begleiten und unterst\u00fctzen.\u201c<\/p>\n<p>Text\/Foto: Gisela Arling<\/p>\n<div id=\"attachment_17564\" style=\"width: 310px\" class=\"wp-caption alignnone\"><a href=\"https:\/\/www.forum-soegel.de\/information\/wp-content\/uploads\/2015\/12\/Kfd-S\u00f6gel-spendet-f\u00fcr-gute-Zwecke1.jpg\"><img loading=\"lazy\" decoding=\"async\" aria-describedby=\"caption-attachment-17564\" class=\"size-medium wp-image-17564\" title=\"Kfd S\u00f6gel spendet f\u00fcr gute Zwecke1\" src=\"https:\/\/www.forum-soegel.de\/information\/wp-content\/uploads\/2015\/12\/Kfd-S\u00f6gel-spendet-f\u00fcr-gute-Zwecke1-300x218.jpg\" alt=\"\" width=\"300\" height=\"218\" srcset=\"https:\/\/www.forum-soegel.de\/information\/wp-content\/uploads\/2015\/12\/Kfd-S\u00f6gel-spendet-f\u00fcr-gute-Zwecke1-300x218.jpg 300w, https:\/\/www.forum-soegel.de\/information\/wp-content\/uploads\/2015\/12\/Kfd-S\u00f6gel-spendet-f\u00fcr-gute-Zwecke1.jpg 1024w\" sizes=\"auto, (max-width: 300px) 100vw, 300px\" \/><\/a><p id=\"caption-attachment-17564\" class=\"wp-caption-text\">Das Foto zeigt das Vorstandsteam bei der Spenden\u00fcbergabe an Helene Kurka, Monika Pl\u00fcster und Michael Strodt.<\/p><\/div>\n","protected":false},"excerpt":{"rendered":"S\u00f6gel &#8211; Die kfd S\u00f6gel spendete traditionsgem\u00e4\u00df auch in diesem Jahr einen Teil ihrer Erl\u00f6se f\u00fcr gute Zwecke. \u00a0\u201eDas Geld stammt aus dem Kaffee &#8211; und Kuchenverkauf verschiedener Veranstaltungen sowie aus dem Neujahrskuchen-, Marmeladen &#8211; und Lik\u00f6rverkauf auf dem Weihnachtsmarkt\u201c, erkl\u00e4rte das kfd -Leitungsteam mit Irmgard Schlangen-Otten, Marie-Luise Br\u00fcmmer, Gertrud Janssen und Maria B\u00fcter, und [&hellip;]\n","protected":false},"author":2,"featured_media":0,"comment_status":"closed","ping_status":"closed","sticky":false,"template":"","format":"standard","meta":{"ngg_post_thumbnail":0,"footnotes":""},"categories":[868],"tags":[],"class_list":["post-17563","post","type-post","status-publish","format-standard","hentry","category-zwischen-himmel-und-erde"],"_links":{"self":[{"href":"https:\/\/www.forum-soegel.de\/information\/wp-json\/wp\/v2\/posts\/17563","targetHints":{"allow":["GET"]}}],"collection":[{"href":"https:\/\/www.forum-soegel.de\/information\/wp-json\/wp\/v2\/posts"}],"about":[{"href":"https:\/\/www.forum-soegel.de\/information\/wp-json\/wp\/v2\/types\/post"}],"author":[{"embeddable":true,"href":"https:\/\/www.forum-soegel.de\/information\/wp-json\/wp\/v2\/users\/2"}],"replies":[{"embeddable":true,"href":"https:\/\/www.forum-soegel.de\/information\/wp-json\/wp\/v2\/comments?post=17563"}],"version-history":[{"count":1,"href":"https:\/\/www.forum-soegel.de\/information\/wp-json\/wp\/v2\/posts\/17563\/revisions"}],"predecessor-version":[{"id":17566,"href":"https:\/\/www.forum-soegel.de\/information\/wp-json\/wp\/v2\/posts\/17563\/revisions\/17566"}],"wp:attachment":[{"href":"https:\/\/www.forum-soegel.de\/information\/wp-json\/wp\/v2\/media?parent=17563"}],"wp:term":[{"taxonomy":"category","embeddable":true,"href":"https:\/\/www.forum-soegel.de\/information\/wp-json\/wp\/v2\/categories?post=17563"},{"taxonomy":"post_tag","embeddable":true,"href":"https:\/\/www.forum-soegel.de\/information\/wp-json\/wp\/v2\/tags?post=17563"}],"curies":[{"name":"wp","href":"https:\/\/api.w.org\/{rel}","templated":true}]}}