{"id":17560,"date":"2015-12-09T19:43:54","date_gmt":"2015-12-09T18:43:54","guid":{"rendered":"https:\/\/www.forum-soegel.de\/information\/?p=17560"},"modified":"2015-12-09T19:43:54","modified_gmt":"2015-12-09T18:43:54","slug":"ein-erfolgreiches-jahr-fur-den-hummlinger-pilgerweg-e-v","status":"publish","type":"post","link":"https:\/\/www.forum-soegel.de\/information\/2015\/12\/ein-erfolgreiches-jahr-fur-den-hummlinger-pilgerweg-e-v\/","title":{"rendered":"Ein erfolgreiches Jahr f\u00fcr den H\u00fcmmlinger Pilgerweg e.V."},"content":{"rendered":"<p>Seit einem Jahr gibt es nun schon den Verein H\u00fcmmlinger Pilgerweg e.V., welcher aus dem Arbeitskreis Pilgerweg durch ein Gemeinschaftsprojekt der Lokalen Arbeitsgruppe H\u00fcmmling (LAG) hervorging.<\/p>\n<p>2015 gab es eine Vielzahl von Veranstaltungen auf dem H\u00fcmmlinger Pilgerweg. Ob Frauen- oder M\u00e4nnerpilgern, Sommernachtspilgern, Familienpilgern oder das lockere Pilgern am Nachmittag &#8211; f\u00fcr alle gab es die richtige Tour. Angefangen hatte die Saison 2015 mit dem traditionellen Anpilgern im M\u00e4rz. Zum Abschluss gab es dann das sogenannte Abpilgern Ende Oktober.<\/p>\n<p>Hermann Wintering, Vorsitzender des Vereins, zeigte sich erfreut \u00fcber den gro\u00dfen Zuspruch der einzelnen Events:\u201eEs ist sch\u00f6n zu sehen, dass immer mehr Menschen einen Zugang zum Pilgern finden. Gerade in der stressigen Zeit ist es ein optimaler Ausgleich. Wir sind als Verein sehr zufrieden mit der Saison 2015 und blicken positiv auf die Saison 2016.\u201c<\/p>\n<p>Auch von der katholischen Kirche erhielt der Verein dieses Jahr gro\u00dfe Unterst\u00fctzung. So wurden in der Weidenkirche am Pilgerweg Messen gefeiert unter anderem mit Bischof Bode, der f\u00fcr den \u00a0Pilgerweg eine Bank spendete. 2016 m\u00f6chte sich Bischof Bode auch sehr gerne einer Pilgertour anschlie\u00dfen und den Gedanken des Pilgerns weiter hinaustragen.<\/p>\n<p>Weitere Informationen zum Verein und zum H\u00fcmmlinger Pilgerweg sind zu finden in den Tourist-Informationen in S\u00f6gel, Esterwegen und Werlte oder im Internet auf www.huemmlinger-pilgerweg.de.<\/p>\n<p>Text: Heidrun Langen \/ Foto: Hermann Schmitz<\/p>\n<p><a href=\"https:\/\/www.forum-soegel.de\/information\/wp-content\/uploads\/2015\/12\/Ein-erfolgreiches-Jahr-f\u00fcr-den-H\u00fcmmlinger-Pilgerweg-e.V..jpg\"><img loading=\"lazy\" decoding=\"async\" class=\"alignnone size-medium wp-image-17561\" title=\"Ein erfolgreiches Jahr f\u00fcr den H\u00fcmmlinger Pilgerweg e.V.\" src=\"https:\/\/www.forum-soegel.de\/information\/wp-content\/uploads\/2015\/12\/Ein-erfolgreiches-Jahr-f\u00fcr-den-H\u00fcmmlinger-Pilgerweg-e.V.-300x169.jpg\" alt=\"\" width=\"300\" height=\"169\" srcset=\"https:\/\/www.forum-soegel.de\/information\/wp-content\/uploads\/2015\/12\/Ein-erfolgreiches-Jahr-f\u00fcr-den-H\u00fcmmlinger-Pilgerweg-e.V.-300x169.jpg 300w, https:\/\/www.forum-soegel.de\/information\/wp-content\/uploads\/2015\/12\/Ein-erfolgreiches-Jahr-f\u00fcr-den-H\u00fcmmlinger-Pilgerweg-e.V..jpg 1024w\" sizes=\"auto, (max-width: 300px) 100vw, 300px\" \/><\/a><\/p>\n","protected":false},"excerpt":{"rendered":"Seit einem Jahr gibt es nun schon den Verein H\u00fcmmlinger Pilgerweg e.V., welcher aus dem Arbeitskreis Pilgerweg durch ein Gemeinschaftsprojekt der Lokalen Arbeitsgruppe H\u00fcmmling (LAG) hervorging. 2015 gab es eine Vielzahl von Veranstaltungen auf dem H\u00fcmmlinger Pilgerweg. Ob Frauen- oder M\u00e4nnerpilgern, Sommernachtspilgern, Familienpilgern oder das lockere Pilgern am Nachmittag &#8211; f\u00fcr alle gab es die [&hellip;]\n","protected":false},"author":2,"featured_media":0,"comment_status":"closed","ping_status":"closed","sticky":false,"template":"","format":"standard","meta":{"ngg_post_thumbnail":0,"footnotes":""},"categories":[868],"tags":[],"class_list":["post-17560","post","type-post","status-publish","format-standard","hentry","category-zwischen-himmel-und-erde"],"_links":{"self":[{"href":"https:\/\/www.forum-soegel.de\/information\/wp-json\/wp\/v2\/posts\/17560","targetHints":{"allow":["GET"]}}],"collection":[{"href":"https:\/\/www.forum-soegel.de\/information\/wp-json\/wp\/v2\/posts"}],"about":[{"href":"https:\/\/www.forum-soegel.de\/information\/wp-json\/wp\/v2\/types\/post"}],"author":[{"embeddable":true,"href":"https:\/\/www.forum-soegel.de\/information\/wp-json\/wp\/v2\/users\/2"}],"replies":[{"embeddable":true,"href":"https:\/\/www.forum-soegel.de\/information\/wp-json\/wp\/v2\/comments?post=17560"}],"version-history":[{"count":1,"href":"https:\/\/www.forum-soegel.de\/information\/wp-json\/wp\/v2\/posts\/17560\/revisions"}],"predecessor-version":[{"id":17562,"href":"https:\/\/www.forum-soegel.de\/information\/wp-json\/wp\/v2\/posts\/17560\/revisions\/17562"}],"wp:attachment":[{"href":"https:\/\/www.forum-soegel.de\/information\/wp-json\/wp\/v2\/media?parent=17560"}],"wp:term":[{"taxonomy":"category","embeddable":true,"href":"https:\/\/www.forum-soegel.de\/information\/wp-json\/wp\/v2\/categories?post=17560"},{"taxonomy":"post_tag","embeddable":true,"href":"https:\/\/www.forum-soegel.de\/information\/wp-json\/wp\/v2\/tags?post=17560"}],"curies":[{"name":"wp","href":"https:\/\/api.w.org\/{rel}","templated":true}]}}