{"id":17558,"date":"2015-12-09T19:42:33","date_gmt":"2015-12-09T18:42:33","guid":{"rendered":"https:\/\/www.forum-soegel.de\/information\/?p=17558"},"modified":"2015-12-09T19:42:33","modified_gmt":"2015-12-09T18:42:33","slug":"heiligabend-im-%e2%80%9ekatharina-von-bora-haus%e2%80%9c-2","status":"publish","type":"post","link":"https:\/\/www.forum-soegel.de\/information\/2015\/12\/heiligabend-im-%e2%80%9ekatharina-von-bora-haus%e2%80%9c-2\/","title":{"rendered":"Heiligabend im \u201eKatharina von Bora Haus\u201c"},"content":{"rendered":"<p>S\u00f6gel &#8211; Zu Weihnachten 2015 sollte in der Samtgemeinde S\u00f6gel niemand ungewollt alleine sein und den Heiligabend alleine verbringen. Das Seniorenzentrum im l\u00e4ndlichen Raum S\u00f6gel e.V. l\u00e4dt am 24.Dezember in der Zeit von 18.00-21.00 Uhr zu einer Weihnachtsfeier f\u00fcr \u00e4ltere und allein lebende B\u00fcrger und B\u00fcrgerinnen ins \u201eKatharina- von- Bora- Haus\u201c der ev. Markusgemeinde S\u00f6gel ein.<\/p>\n<p><strong><em>Am Heiligabend sollte niemand alleine sein \u00a0 \u00a0 \u00a0 \u00a0 \u00a0 \u00a0 \u00a0 \u00a0 \u00a0 \u00a0 \u00a0 \u00a0\u00a0<\/em><\/strong><\/p>\n<p>Ein Fahrdienst mit dem Seniorenmobil ist organisiert.<\/p>\n<p>F\u00fcr Essen, Trinken und Fahrdienst wird ein Unkostenbeitrag von 10\u20ac eingesammelt.<\/p>\n<p>Ein Wichtel \u2013P\u00e4ckchen sollte jeder Gast mitbringen.<\/p>\n<p>Die Anmeldung bitte bis zum 15.12.2015 unter der Tel. Nr. 05952 \u2013 3022.<\/p>\n<p>Euch allen ein herzliches Willkommen, euer Weihnachts &#8211; Team.<\/p>\n<p>Text: Petra Nortmann, Seniorenzentrum im l\u00e4ndlichen Raum S\u00f6gel e.V.<\/p>\n","protected":false},"excerpt":{"rendered":"S\u00f6gel &#8211; Zu Weihnachten 2015 sollte in der Samtgemeinde S\u00f6gel niemand ungewollt alleine sein und den Heiligabend alleine verbringen. Das Seniorenzentrum im l\u00e4ndlichen Raum S\u00f6gel e.V. l\u00e4dt am 24.Dezember in der Zeit von 18.00-21.00 Uhr zu einer Weihnachtsfeier f\u00fcr \u00e4ltere und allein lebende B\u00fcrger und B\u00fcrgerinnen ins \u201eKatharina- von- Bora- Haus\u201c der ev. Markusgemeinde S\u00f6gel [&hellip;]\n","protected":false},"author":2,"featured_media":0,"comment_status":"closed","ping_status":"closed","sticky":false,"template":"","format":"standard","meta":{"ngg_post_thumbnail":0,"footnotes":""},"categories":[868],"tags":[],"class_list":["post-17558","post","type-post","status-publish","format-standard","hentry","category-zwischen-himmel-und-erde"],"_links":{"self":[{"href":"https:\/\/www.forum-soegel.de\/information\/wp-json\/wp\/v2\/posts\/17558","targetHints":{"allow":["GET"]}}],"collection":[{"href":"https:\/\/www.forum-soegel.de\/information\/wp-json\/wp\/v2\/posts"}],"about":[{"href":"https:\/\/www.forum-soegel.de\/information\/wp-json\/wp\/v2\/types\/post"}],"author":[{"embeddable":true,"href":"https:\/\/www.forum-soegel.de\/information\/wp-json\/wp\/v2\/users\/2"}],"replies":[{"embeddable":true,"href":"https:\/\/www.forum-soegel.de\/information\/wp-json\/wp\/v2\/comments?post=17558"}],"version-history":[{"count":1,"href":"https:\/\/www.forum-soegel.de\/information\/wp-json\/wp\/v2\/posts\/17558\/revisions"}],"predecessor-version":[{"id":17559,"href":"https:\/\/www.forum-soegel.de\/information\/wp-json\/wp\/v2\/posts\/17558\/revisions\/17559"}],"wp:attachment":[{"href":"https:\/\/www.forum-soegel.de\/information\/wp-json\/wp\/v2\/media?parent=17558"}],"wp:term":[{"taxonomy":"category","embeddable":true,"href":"https:\/\/www.forum-soegel.de\/information\/wp-json\/wp\/v2\/categories?post=17558"},{"taxonomy":"post_tag","embeddable":true,"href":"https:\/\/www.forum-soegel.de\/information\/wp-json\/wp\/v2\/tags?post=17558"}],"curies":[{"name":"wp","href":"https:\/\/api.w.org\/{rel}","templated":true}]}}