{"id":17552,"date":"2015-12-09T19:39:37","date_gmt":"2015-12-09T18:39:37","guid":{"rendered":"https:\/\/www.forum-soegel.de\/information\/?p=17552"},"modified":"2015-12-09T19:39:37","modified_gmt":"2015-12-09T18:39:37","slug":"gedenkveranstaltungen-zur-pogromnacht-in-sogel-2","status":"publish","type":"post","link":"https:\/\/www.forum-soegel.de\/information\/2015\/12\/gedenkveranstaltungen-zur-pogromnacht-in-sogel-2\/","title":{"rendered":"Gedenkveranstaltungen zur Pogromnacht in S\u00f6gel"},"content":{"rendered":"<p><a href=\"https:\/\/www.forum-soegel.de\/information\/wp-content\/uploads\/2015\/12\/Gedenkveranstaltungen-zur-Pogromnacht-in-S\u00f6gel2.jpg\"><img loading=\"lazy\" decoding=\"async\" class=\"alignleft size-medium wp-image-17554\" title=\"Gedenkveranstaltungen zur Pogromnacht in S\u00f6gel2\" src=\"https:\/\/www.forum-soegel.de\/information\/wp-content\/uploads\/2015\/12\/Gedenkveranstaltungen-zur-Pogromnacht-in-S\u00f6gel2-300x225.jpg\" alt=\"\" width=\"300\" height=\"225\" srcset=\"https:\/\/www.forum-soegel.de\/information\/wp-content\/uploads\/2015\/12\/Gedenkveranstaltungen-zur-Pogromnacht-in-S\u00f6gel2-300x225.jpg 300w, https:\/\/www.forum-soegel.de\/information\/wp-content\/uploads\/2015\/12\/Gedenkveranstaltungen-zur-Pogromnacht-in-S\u00f6gel2.jpg 1024w\" sizes=\"auto, (max-width: 300px) 100vw, 300px\" \/><\/a>S\u00f6gel &#8211; Johanna Eichenwald, geb. am 01.09.1866, gestorben am 10.07.1941 in Riga; Hedwig Hesse, geboren am 4.9.1898, gestorben in Auschwitz; Georg Jacobs, geb. am 28.07.1902, gestorben in Auschwitz; Arthur Jacobs, geb. am 8.1.1933, gestorben in Auschwitz \u2013 dieser vier ehemaligen Einwohner aus S\u00f6gel wurde in der\u00a0 Gedenkfeier als Vertreter f\u00fcr alle weiteren Opfer der ehemaligen S\u00f6geler j\u00fcdischen Bev\u00f6lkerung zur Reichspogromnacht gedacht. Stolpersteine werden im kommenden Jahr in S\u00f6gel, Am Markt 14, entsprechend verlegt.<\/p>\n<p>Die Gemeinde S\u00f6gel hatte zur Gedenkfeier anl\u00e4sslich der Reichspogromnacht in die Schule am Schloss eingeladen. Zahlreiche G\u00e4ste, darunter auch viele Sch\u00fcler, konnte B\u00fcrgermeisterin Irmgard Welling zur Gedenkfeier begr\u00fc\u00dfen. In ihrer Begr\u00fc\u00dfungsrede zog sie einen Bogen von der Verfolgung und damit verbundenen Flucht der Juden zur heutigen Fl\u00fcchtlingsbewegung. Sie distanzierte sich ausdr\u00fccklich von der Hetze gegen die Demokratie. \u201eDas Fl\u00fcchtlingsunterk\u00fcnfte attackiert werden, die Pegidabewegung \u00fcberhaupt m\u00f6glich ist, halte ich f\u00fcr einen Schlag ins Gesicht unserer Werte.\u201c<\/p>\n<p>Die inhaltliche Gestaltung der Gedenkfeier wurde vom Wahlpflichtkurs Geschichte der Klasse 8 mit ihrem Lehrer J\u00fcrgen Jansen vorgenommen. Sie berichteten, wie schwer vorstellbar es f\u00fcr sie sei, wie so eine Judenverfolgung mit ihrem ganzen Hass \u00fcberhaupt m\u00f6glich gewesen ist.\u00a0 Dabei \u00fcbten sie durchaus auch Selbstkritik: \u201eDoch bei genauerem Hinsehen mussten wir uns eingestehen, dass das auch heute noch manchmal der Fall ist. Ausgrenzung, Mobbing, Beleidung und Einschr\u00e4nkungen gegen Minderheiten, auch religi\u00f6ser Art, sind heute noch an der Tagesordnung.\u201c Anhand vorgelesener Nachrichtenschnipsel aus verschiedenen Medien der damaligen und heutigen Zeit umrissen sie schlaglichtartig die Entwicklung der vergangenen 76 Jahre. \u00a0Zwei weitere Sch\u00fcler berichteten eindrucksvoll in rum\u00e4nischer und russischer Sprache, die von ihren Mitsch\u00fclern synchron auf Deutsch \u00fcbersetzt wurden, von den Fl\u00fcchtlingserfahrungen ihrer Familien. Als Erinnerung an die Opfer der Familien Eichenwald, Hesse und Jacobs wurden von den Sch\u00fclern Kerzen angez\u00fcndet. Eine Gedenkminute wurde abgehalten.<\/p>\n<p>Wellings Lob galt den Sch\u00fclern f\u00fcr die gute und bemerkenswerte Vorbereitung der Veranstaltung. Gleichfalls sei sie stolz auf die Gemeinde S\u00f6gel, die mit dem Bau von Fl\u00fcchtlingsh\u00e4usern, der Einstellung eines Fl\u00fcchtlingsbeauftragten und einer Willkommenskultur zeige, dass sich etwas in S\u00f6gel ge\u00e4ndert habe. \u201eWir lassen uns nicht beirren vom rechten Gedankengut. Wir helfen, statt abzuweisen \u2013 wir nehmen auf, statt zu bek\u00e4mpfen\u201c, zeigte Welling sich bewegt. F\u00fcr sie sei der Satz von Bundeskanzlerin Angela Merkel \u201eWir schaffen das!\u201c der Satz des Jahres.<\/p>\n<p>Text: Ingrid Cloppenburg \/ Foto: Gemeinde S\u00f6gel<\/p>\n<div id=\"attachment_17553\" style=\"width: 310px\" class=\"wp-caption alignnone\"><a href=\"https:\/\/www.forum-soegel.de\/information\/wp-content\/uploads\/2015\/12\/Gedenkveranstaltungen-zur-Pogromnacht-in-S\u00f6gel1.jpg\"><img loading=\"lazy\" decoding=\"async\" aria-describedby=\"caption-attachment-17553\" class=\"size-medium wp-image-17553\" title=\"Gedenkveranstaltungen zur Pogromnacht in S\u00f6gel1\" src=\"https:\/\/www.forum-soegel.de\/information\/wp-content\/uploads\/2015\/12\/Gedenkveranstaltungen-zur-Pogromnacht-in-S\u00f6gel1-300x225.jpg\" alt=\"\" width=\"300\" height=\"225\" srcset=\"https:\/\/www.forum-soegel.de\/information\/wp-content\/uploads\/2015\/12\/Gedenkveranstaltungen-zur-Pogromnacht-in-S\u00f6gel1-300x225.jpg 300w, https:\/\/www.forum-soegel.de\/information\/wp-content\/uploads\/2015\/12\/Gedenkveranstaltungen-zur-Pogromnacht-in-S\u00f6gel1.jpg 1024w\" sizes=\"auto, (max-width: 300px) 100vw, 300px\" \/><\/a><p id=\"caption-attachment-17553\" class=\"wp-caption-text\">: In S\u00f6gel wurde im Rahmen einer Gedenkfeier den verfolgten und ermordeten S\u00f6geler Juden und die Zerst\u00f6rung der S\u00f6geler Synagoge gedacht.<\/p><\/div>\n<p><a href=\"https:\/\/www.forum-soegel.de\/information\/wp-content\/uploads\/2015\/12\/Gedenkveranstaltungen-zur-Pogromnacht-in-S\u00f6gel3.jpg\"><img loading=\"lazy\" decoding=\"async\" class=\"alignnone size-medium wp-image-17555\" title=\"Gedenkveranstaltungen zur Pogromnacht in S\u00f6gel3\" src=\"https:\/\/www.forum-soegel.de\/information\/wp-content\/uploads\/2015\/12\/Gedenkveranstaltungen-zur-Pogromnacht-in-S\u00f6gel3-300x225.jpg\" alt=\"\" width=\"300\" height=\"225\" srcset=\"https:\/\/www.forum-soegel.de\/information\/wp-content\/uploads\/2015\/12\/Gedenkveranstaltungen-zur-Pogromnacht-in-S\u00f6gel3-300x225.jpg 300w, https:\/\/www.forum-soegel.de\/information\/wp-content\/uploads\/2015\/12\/Gedenkveranstaltungen-zur-Pogromnacht-in-S\u00f6gel3.jpg 1024w\" sizes=\"auto, (max-width: 300px) 100vw, 300px\" \/><\/a><\/p>\n","protected":false},"excerpt":{"rendered":"S\u00f6gel &#8211; Johanna Eichenwald, geb. am 01.09.1866, gestorben am 10.07.1941 in Riga; Hedwig Hesse, geboren am 4.9.1898, gestorben in Auschwitz; Georg Jacobs, geb. am 28.07.1902, gestorben in Auschwitz; Arthur Jacobs, geb. am 8.1.1933, gestorben in Auschwitz \u2013 dieser vier ehemaligen Einwohner aus S\u00f6gel wurde in der\u00a0 Gedenkfeier als Vertreter f\u00fcr alle weiteren Opfer der ehemaligen [&hellip;]\n","protected":false},"author":2,"featured_media":0,"comment_status":"closed","ping_status":"closed","sticky":false,"template":"","format":"standard","meta":{"ngg_post_thumbnail":0,"footnotes":""},"categories":[3],"tags":[],"class_list":["post-17552","post","type-post","status-publish","format-standard","hentry","category-aktuelles-aus-der-region"],"_links":{"self":[{"href":"https:\/\/www.forum-soegel.de\/information\/wp-json\/wp\/v2\/posts\/17552","targetHints":{"allow":["GET"]}}],"collection":[{"href":"https:\/\/www.forum-soegel.de\/information\/wp-json\/wp\/v2\/posts"}],"about":[{"href":"https:\/\/www.forum-soegel.de\/information\/wp-json\/wp\/v2\/types\/post"}],"author":[{"embeddable":true,"href":"https:\/\/www.forum-soegel.de\/information\/wp-json\/wp\/v2\/users\/2"}],"replies":[{"embeddable":true,"href":"https:\/\/www.forum-soegel.de\/information\/wp-json\/wp\/v2\/comments?post=17552"}],"version-history":[{"count":1,"href":"https:\/\/www.forum-soegel.de\/information\/wp-json\/wp\/v2\/posts\/17552\/revisions"}],"predecessor-version":[{"id":17556,"href":"https:\/\/www.forum-soegel.de\/information\/wp-json\/wp\/v2\/posts\/17552\/revisions\/17556"}],"wp:attachment":[{"href":"https:\/\/www.forum-soegel.de\/information\/wp-json\/wp\/v2\/media?parent=17552"}],"wp:term":[{"taxonomy":"category","embeddable":true,"href":"https:\/\/www.forum-soegel.de\/information\/wp-json\/wp\/v2\/categories?post=17552"},{"taxonomy":"post_tag","embeddable":true,"href":"https:\/\/www.forum-soegel.de\/information\/wp-json\/wp\/v2\/tags?post=17552"}],"curies":[{"name":"wp","href":"https:\/\/api.w.org\/{rel}","templated":true}]}}