{"id":17549,"date":"2015-12-09T19:37:28","date_gmt":"2015-12-09T18:37:28","guid":{"rendered":"https:\/\/www.forum-soegel.de\/information\/?p=17549"},"modified":"2015-12-09T19:37:28","modified_gmt":"2015-12-09T18:37:28","slug":"mitgliederversammlung-der-jungen-union-sogel-mit-neuwahlen","status":"publish","type":"post","link":"https:\/\/www.forum-soegel.de\/information\/2015\/12\/mitgliederversammlung-der-jungen-union-sogel-mit-neuwahlen\/","title":{"rendered":"Mitgliederversammlung der Jungen Union S\u00f6gel mit Neuwahlen"},"content":{"rendered":"<p>S\u00f6gel &#8211; W\u00e4hrend der j\u00fcngsten Generalversammlung der Jungen Union S\u00f6gel hat es einige Ver\u00e4nderungen im Vorstand gegeben. Antonia Scholl stellte ihren Posten als Vorsitzende aufgrund beruflicher Ver\u00e4nderungen zur Verf\u00fcgung. Zu ihrem Nachfolger wurde einstimmig der 18-j\u00e4hrige Stefan Wigbers aus S\u00f6gel gew\u00e4hlt. \u201eIch freue mich auf die Zusammenarbeit in dem nun neu aufgestellten Ortsverband S\u00f6gel. Gemeinsam k\u00f6nnen wir die Themen, die die jungen Leute vor Ort bewegen, vertreten\u201c, so Wigbers.\u00a0 Zu seinem Stellvertreter wurde, ebenfalls einstimmig, der Esterweger Bernd Bahlmann \u00a0gew\u00e4hlt. Lukas Plaggenborg wurde einstimmig zum Gesch\u00e4ftsf\u00fchrer und Judith Plaggenborg einstimmig zur Pressesprecherin gew\u00e4hlt. Antonia Scholl bleibt den Jungpolitikern als Beisitzerin erhalten. Au\u00dferdem komplettieren als Beisitzer die Kreisvorsitzende Veronika Eilers sowie Sandra Wichmann und Zita Steinbild den Vorstand.<\/p>\n<p>Die Kreisvorsitzende Veronika Eilers bedankte sich bei der scheidenden Vorsitzenden und gratulierte dem Neugew\u00e4hlten:\u201eDie von Antonia Scholl initiierte Gr\u00fcndung eines JU-Ortverbandes in S\u00f6gel war nicht nur f\u00fcr mich pers\u00f6nlich der Zugang zur Jungen Union. Umso mehr freue ich mich, dass wir mit Stefan auch in Zukunft einen engagierten Vorsitzenden vor Ort haben, um der jungen Generation vor Ort eine Stimme zu geben.\u201c Auch Pascal Albers, Mitglied im Landesvorstand der Jungen Union, dr\u00fcckte seinen Dank aus und wies noch einmal auf das vielf\u00e4ltige Engagement Scholls sowohl im Kreisverband als auch im Bezirksverband hin. \u00a0Im Anschluss berichtete er \u00fcber aktuelle Themen aus dem Landesvorstand. Als besonderen Gast durften die Jungpolitiker den Pr\u00e4sidenten des Nieders\u00e4chsischen Landtags, Bernd Busemann, begr\u00fc\u00dfen. Dieser begl\u00fcckw\u00fcnschte den neuen Vorstand und gab den Jungpolitikern einen Einblick in die aktuelle Landespolitik. Dabei vertiefte er unter anderem die aktuelle Fl\u00fcchtlingsproblematik und wies auf die Bedeutsamkeit der Landwirtschaft in unserer Region hin.<\/p>\n<p>Neue Mitglieder sind immer herzlich willkommen. \u00a0Weitere Informationen zur Jungen Union im Kreisverband Aschendorf-H\u00fcmmling gibt es im Internet unter <a href=\"https:\/\/www.ju-info.de\/\">www.ju-info.de<\/a> oder direkt bei den Orts- bzw. beim Kreisverband.<\/p>\n<p>Text\/Foto: Judith Plaggenborg<\/p>\n<div id=\"attachment_17550\" style=\"width: 310px\" class=\"wp-caption alignnone\"><a href=\"https:\/\/www.forum-soegel.de\/information\/wp-content\/uploads\/2015\/12\/Mitgliederversammlung-der-Jungen-Union-S\u00f6gel-mit-Neuwahlen.jpg\"><img loading=\"lazy\" decoding=\"async\" aria-describedby=\"caption-attachment-17550\" class=\"size-medium wp-image-17550\" title=\"Mitgliederversammlung der Jungen Union S\u00f6gel mit Neuwahlen\" src=\"https:\/\/www.forum-soegel.de\/information\/wp-content\/uploads\/2015\/12\/Mitgliederversammlung-der-Jungen-Union-S\u00f6gel-mit-Neuwahlen-300x225.jpg\" alt=\"\" width=\"300\" height=\"225\" srcset=\"https:\/\/www.forum-soegel.de\/information\/wp-content\/uploads\/2015\/12\/Mitgliederversammlung-der-Jungen-Union-S\u00f6gel-mit-Neuwahlen-300x225.jpg 300w, https:\/\/www.forum-soegel.de\/information\/wp-content\/uploads\/2015\/12\/Mitgliederversammlung-der-Jungen-Union-S\u00f6gel-mit-Neuwahlen.jpg 1024w\" sizes=\"auto, (max-width: 300px) 100vw, 300px\" \/><\/a><p id=\"caption-attachment-17550\" class=\"wp-caption-text\">Das Foto zeigt: GV der JU S\u00f6gel mit Dirk Book, Sandra Wichmann, scheidende Vorsitzende Antonia Scholl, Dominik Eilers, Kreisvorstandsvorsitzende Veronika Eilers, Bernd Bahlmann, Landtagspr\u00e4sident Bernd Busemann, neuer Vorsitzender Stefan Wigbers, Pascal Albers, Judith Plaggenborg und Lukas Plaggenborg (v.l.)<\/p><\/div>\n","protected":false},"excerpt":{"rendered":"S\u00f6gel &#8211; W\u00e4hrend der j\u00fcngsten Generalversammlung der Jungen Union S\u00f6gel hat es einige Ver\u00e4nderungen im Vorstand gegeben. Antonia Scholl stellte ihren Posten als Vorsitzende aufgrund beruflicher Ver\u00e4nderungen zur Verf\u00fcgung. Zu ihrem Nachfolger wurde einstimmig der 18-j\u00e4hrige Stefan Wigbers aus S\u00f6gel gew\u00e4hlt. \u201eIch freue mich auf die Zusammenarbeit in dem nun neu aufgestellten Ortsverband S\u00f6gel. Gemeinsam [&hellip;]\n","protected":false},"author":2,"featured_media":0,"comment_status":"closed","ping_status":"closed","sticky":false,"template":"","format":"standard","meta":{"ngg_post_thumbnail":0,"footnotes":""},"categories":[3],"tags":[],"class_list":["post-17549","post","type-post","status-publish","format-standard","hentry","category-aktuelles-aus-der-region"],"_links":{"self":[{"href":"https:\/\/www.forum-soegel.de\/information\/wp-json\/wp\/v2\/posts\/17549","targetHints":{"allow":["GET"]}}],"collection":[{"href":"https:\/\/www.forum-soegel.de\/information\/wp-json\/wp\/v2\/posts"}],"about":[{"href":"https:\/\/www.forum-soegel.de\/information\/wp-json\/wp\/v2\/types\/post"}],"author":[{"embeddable":true,"href":"https:\/\/www.forum-soegel.de\/information\/wp-json\/wp\/v2\/users\/2"}],"replies":[{"embeddable":true,"href":"https:\/\/www.forum-soegel.de\/information\/wp-json\/wp\/v2\/comments?post=17549"}],"version-history":[{"count":1,"href":"https:\/\/www.forum-soegel.de\/information\/wp-json\/wp\/v2\/posts\/17549\/revisions"}],"predecessor-version":[{"id":17551,"href":"https:\/\/www.forum-soegel.de\/information\/wp-json\/wp\/v2\/posts\/17549\/revisions\/17551"}],"wp:attachment":[{"href":"https:\/\/www.forum-soegel.de\/information\/wp-json\/wp\/v2\/media?parent=17549"}],"wp:term":[{"taxonomy":"category","embeddable":true,"href":"https:\/\/www.forum-soegel.de\/information\/wp-json\/wp\/v2\/categories?post=17549"},{"taxonomy":"post_tag","embeddable":true,"href":"https:\/\/www.forum-soegel.de\/information\/wp-json\/wp\/v2\/tags?post=17549"}],"curies":[{"name":"wp","href":"https:\/\/api.w.org\/{rel}","templated":true}]}}