{"id":17546,"date":"2015-12-09T19:35:51","date_gmt":"2015-12-09T18:35:51","guid":{"rendered":"https:\/\/www.forum-soegel.de\/information\/?p=17546"},"modified":"2015-12-09T19:35:51","modified_gmt":"2015-12-09T18:35:51","slug":"cdu-ortsverband-gratuliert-st-jakobus-und-schenkt-vorlesestunden","status":"publish","type":"post","link":"https:\/\/www.forum-soegel.de\/information\/2015\/12\/cdu-ortsverband-gratuliert-st-jakobus-und-schenkt-vorlesestunden\/","title":{"rendered":"CDU-Ortsverband gratuliert St. Jakobus und schenkt Vorlesestunden"},"content":{"rendered":"<p>S\u00f6gel &#8211; Der Ortsverband der CDU \u00fcberreichte dem Familienzentrum kath. KiTa St. Jakobus zur Er\u00f6ffnung und Einweihung pers\u00f6nlich Gl\u00fcck- und Segensw\u00fcnsche. \u201eJedes Kind ist ein Geschenk Gottes und somit einmalig. Es ist uns wichtig, diese Einmaligkeit zu sehen und anzuerkennen,&#8220; zitiert die Leiterin Irmgard Welling aus dem Leitbild des Familienzentrums. \u201eWir alle arbeiten mit Herzblut daran, diesen Gedanken in die Tat umzusetzen.&#8220; Irmgard Welling f\u00fchrte die Gratulanten gerne durch die neuen R\u00e4umlichkeiten der Einrichtung und schw\u00e4rmte:\u00a0 \u201eDen\u00a0 Steinkreis haben unsere V\u00e4ter gebaut und die Pflastersteine habe ich mit einem Helfer eigenh\u00e4ndig gelegt. Das ist schon ein erstklassiges Gef\u00fchl, direkt mit anzupacken und zu sehen, wie alles mit vereinten Kr\u00e4ften gelingt.&#8220; Sie erkl\u00e4rte den Besuchern das Qualit\u00e4tskonzept und legte dar, wie die Erzieherinnen mit Hilfe der Leuvener Engagiertheitsskala das Verhalten der Kinder in der Spiel- und Lernumgebung besser verstehen k\u00f6nnen. Damit k\u00f6nnten sie auf spezielle Bed\u00fcrfnisse der Kinder eingehen und den individuellen Voraussetzungen gerecht werden. Als Geschenk \u00fcberreichte der CDU-Ortsverband ein Lernspiel f\u00fcr die Vier- bis Sechsj\u00e4hrigen sowie einen Gutschein \u00fcber Vorlesestunden mit den Vorschulkindern. \u201eZeit, die wir uns nehmen, ist Zeit, die den Kindern etwas Vergn\u00fcgen bringt,&#8220; bekundete Heike Charlotte Pracht, Vorsitzende des CDU-Ortsverbands.\u00a0 \u201eGeschichten erz\u00e4hlt zu bekommen, ist nicht nur f\u00fcr Kinder etwas ganz Besonderes. So d\u00fcrfen wir auch Teil des Familienzentrums werden, wenn wir den Kindern ab und zu etwas vorlesen.&#8220; Das fand auch Irmgard Welling: \u201eDie Idee ist spitze!&#8220;<\/p>\n<p>Text\/Foto: Ingrid Cloppenburg<\/p>\n<div id=\"attachment_17547\" style=\"width: 310px\" class=\"wp-caption alignnone\"><a href=\"https:\/\/www.forum-soegel.de\/information\/wp-content\/uploads\/2015\/12\/CDU-Ortsverband-gratuliert-St.-Jakobus-und-schenkt-Vorlesestunden.jpg\"><img loading=\"lazy\" decoding=\"async\" aria-describedby=\"caption-attachment-17547\" class=\"size-medium wp-image-17547\" title=\"CDU-Ortsverband gratuliert St. Jakobus und schenkt Vorlesestunden\" src=\"https:\/\/www.forum-soegel.de\/information\/wp-content\/uploads\/2015\/12\/CDU-Ortsverband-gratuliert-St.-Jakobus-und-schenkt-Vorlesestunden-300x225.jpg\" alt=\"\" width=\"300\" height=\"225\" srcset=\"https:\/\/www.forum-soegel.de\/information\/wp-content\/uploads\/2015\/12\/CDU-Ortsverband-gratuliert-St.-Jakobus-und-schenkt-Vorlesestunden-300x225.jpg 300w, https:\/\/www.forum-soegel.de\/information\/wp-content\/uploads\/2015\/12\/CDU-Ortsverband-gratuliert-St.-Jakobus-und-schenkt-Vorlesestunden.jpg 1024w\" sizes=\"auto, (max-width: 300px) 100vw, 300px\" \/><\/a><p id=\"caption-attachment-17547\" class=\"wp-caption-text\">(v.re.): Waltraud Meyer, Heike Ch. Pracht, Irmgard Welling, Wilfried Mielke, Ulrike Hinrichs, Kinder.<\/p><\/div>\n","protected":false},"excerpt":{"rendered":"S\u00f6gel &#8211; Der Ortsverband der CDU \u00fcberreichte dem Familienzentrum kath. KiTa St. Jakobus zur Er\u00f6ffnung und Einweihung pers\u00f6nlich Gl\u00fcck- und Segensw\u00fcnsche. \u201eJedes Kind ist ein Geschenk Gottes und somit einmalig. Es ist uns wichtig, diese Einmaligkeit zu sehen und anzuerkennen,&#8220; zitiert die Leiterin Irmgard Welling aus dem Leitbild des Familienzentrums. \u201eWir alle arbeiten mit Herzblut [&hellip;]\n","protected":false},"author":2,"featured_media":0,"comment_status":"closed","ping_status":"closed","sticky":false,"template":"","format":"standard","meta":{"ngg_post_thumbnail":0,"footnotes":""},"categories":[3],"tags":[],"class_list":["post-17546","post","type-post","status-publish","format-standard","hentry","category-aktuelles-aus-der-region"],"_links":{"self":[{"href":"https:\/\/www.forum-soegel.de\/information\/wp-json\/wp\/v2\/posts\/17546","targetHints":{"allow":["GET"]}}],"collection":[{"href":"https:\/\/www.forum-soegel.de\/information\/wp-json\/wp\/v2\/posts"}],"about":[{"href":"https:\/\/www.forum-soegel.de\/information\/wp-json\/wp\/v2\/types\/post"}],"author":[{"embeddable":true,"href":"https:\/\/www.forum-soegel.de\/information\/wp-json\/wp\/v2\/users\/2"}],"replies":[{"embeddable":true,"href":"https:\/\/www.forum-soegel.de\/information\/wp-json\/wp\/v2\/comments?post=17546"}],"version-history":[{"count":1,"href":"https:\/\/www.forum-soegel.de\/information\/wp-json\/wp\/v2\/posts\/17546\/revisions"}],"predecessor-version":[{"id":17548,"href":"https:\/\/www.forum-soegel.de\/information\/wp-json\/wp\/v2\/posts\/17546\/revisions\/17548"}],"wp:attachment":[{"href":"https:\/\/www.forum-soegel.de\/information\/wp-json\/wp\/v2\/media?parent=17546"}],"wp:term":[{"taxonomy":"category","embeddable":true,"href":"https:\/\/www.forum-soegel.de\/information\/wp-json\/wp\/v2\/categories?post=17546"},{"taxonomy":"post_tag","embeddable":true,"href":"https:\/\/www.forum-soegel.de\/information\/wp-json\/wp\/v2\/tags?post=17546"}],"curies":[{"name":"wp","href":"https:\/\/api.w.org\/{rel}","templated":true}]}}