{"id":17534,"date":"2015-12-09T19:33:57","date_gmt":"2015-12-09T18:33:57","guid":{"rendered":"https:\/\/www.forum-soegel.de\/information\/?p=17534"},"modified":"2015-12-09T19:33:57","modified_gmt":"2015-12-09T18:33:57","slug":"afrikanische-impressionen","status":"publish","type":"post","link":"https:\/\/www.forum-soegel.de\/information\/2015\/12\/afrikanische-impressionen\/","title":{"rendered":"Afrikanische Impressionen"},"content":{"rendered":"<p><a href=\"https:\/\/www.forum-soegel.de\/information\/wp-content\/uploads\/2015\/12\/Afrikanische-Impressionen1.jpg\"><img loading=\"lazy\" decoding=\"async\" class=\"alignleft size-medium wp-image-17535\" title=\"Afrikanische Impressionen1\" src=\"https:\/\/www.forum-soegel.de\/information\/wp-content\/uploads\/2015\/12\/Afrikanische-Impressionen1-200x300.jpg\" alt=\"\" width=\"200\" height=\"300\" srcset=\"https:\/\/www.forum-soegel.de\/information\/wp-content\/uploads\/2015\/12\/Afrikanische-Impressionen1-200x300.jpg 200w, https:\/\/www.forum-soegel.de\/information\/wp-content\/uploads\/2015\/12\/Afrikanische-Impressionen1.jpg 512w\" sizes=\"auto, (max-width: 200px) 100vw, 200px\" \/><\/a>S\u00f6gel &#8211; Nachdem Uwe M\u00fcller aus S\u00f6gel mehrere Kalender mit von ihm aufgenommenen Fotos von afrikanischen Tieren ver\u00f6ffentlicht hatte, gab er f\u00fcr 2015 einen Kalender mit Landschaftsbildern aus aller Welt heraus. F\u00fcr 2016 hat er sich wieder Afrika zugewendet. Dieses Mal pr\u00e4sentiert er nicht nur Tiere, sondern auch Menschen. Ein entspannter Leopard mit friedlichem Katzengesicht im Baum wechselt sich ab mit Fischern am Albertsee Ugandas, auf Elefanten, die ein Flusspferd beunruhigen, folgt buntes Treiben unter dem Dach eines Versammlungshauses eines Volksstammes in \u00c4thiopien, eine freundliche Gepardenfamilie leitet \u00fcber zu einem verz\u00fcckten Beter in Lalibela, der Stadt der Felsenkirchen in Nord\u00e4thiopien. V\u00f6lkerkundlich seltene Bilder sind kombiniert mit der afrikanischen Tierwelt.<\/p>\n<p>Obwohl Uwe M\u00fcller die ganze Welt bereist und dort immer wieder auf faszinierende Menschen, Landschaften, Bauwerke und Ereignisse trifft, zieht es ihn regelm\u00e4\u00dfig nach Afrika mit seiner unglaublichen Vielfalt. Sie l\u00e4sst stets Neues und Beeindruckendes entdecken. Die wichtigsten Vertreter dieses uns zugleich nahen und fernen Kontinents sind seine Menschen und Tiere. Deshalb hat Uwe M\u00fcller beide in dem Kalender 2016 zusammen gebracht und nennt ihn \u201eAfrikanische Impressionen\u201c.<\/p>\n<p>Der Bilderkalender mit gro\u00dfem Kalendarium kann bei der Druckerei Thyen in S\u00f6gel, Tel. 05952\/98151, gegen ein geringes Entgelt erworben werden. U. M\u00fcller verdient nichts an dem Kalender.<\/p>\n<p>Text\/Foto: Ingrid Cloppenburg<\/p>\n<p>&nbsp;<\/p>\n<p>&nbsp;<\/p>\n<p><a href=\"https:\/\/www.forum-soegel.de\/information\/wp-content\/uploads\/2015\/12\/Afrikanische-Impressionen2.jpg\"><img loading=\"lazy\" decoding=\"async\" class=\"alignnone size-thumbnail wp-image-17536\" title=\"Afrikanische Impressionen2\" src=\"https:\/\/www.forum-soegel.de\/information\/wp-content\/uploads\/2015\/12\/Afrikanische-Impressionen2-150x150.jpg\" alt=\"\" width=\"150\" height=\"150\" \/><\/a>\u00a0\u00a0<a href=\"https:\/\/www.forum-soegel.de\/information\/wp-content\/uploads\/2015\/12\/Afrikanische-Impressionen3.jpg\"><img loading=\"lazy\" decoding=\"async\" class=\"alignnone size-thumbnail wp-image-17537\" title=\"Afrikanische Impressionen3\" src=\"https:\/\/www.forum-soegel.de\/information\/wp-content\/uploads\/2015\/12\/Afrikanische-Impressionen3-150x150.jpg\" alt=\"\" width=\"150\" height=\"150\" \/><\/a>\u00a0\u00a0<a href=\"https:\/\/www.forum-soegel.de\/information\/wp-content\/uploads\/2015\/12\/Afrikanische-Impressionen4.jpg\"><img loading=\"lazy\" decoding=\"async\" class=\"alignnone size-thumbnail wp-image-17538\" title=\"Afrikanische Impressionen4\" src=\"https:\/\/www.forum-soegel.de\/information\/wp-content\/uploads\/2015\/12\/Afrikanische-Impressionen4-150x150.jpg\" alt=\"\" width=\"150\" height=\"150\" \/><\/a><\/p>\n<p><a href=\"https:\/\/www.forum-soegel.de\/information\/wp-content\/uploads\/2015\/12\/Afrikanische-Impressionen5.jpg\"><img loading=\"lazy\" decoding=\"async\" class=\"alignnone size-thumbnail wp-image-17539\" title=\"Afrikanische Impressionen5\" src=\"https:\/\/www.forum-soegel.de\/information\/wp-content\/uploads\/2015\/12\/Afrikanische-Impressionen5-150x150.jpg\" alt=\"\" width=\"150\" height=\"150\" \/><\/a>\u00a0\u00a0<a href=\"https:\/\/www.forum-soegel.de\/information\/wp-content\/uploads\/2015\/12\/Afrikanische-Impressionen6.jpg\"><img loading=\"lazy\" decoding=\"async\" class=\"alignnone size-thumbnail wp-image-17540\" title=\"Afrikanische Impressionen6\" src=\"https:\/\/www.forum-soegel.de\/information\/wp-content\/uploads\/2015\/12\/Afrikanische-Impressionen6-150x150.jpg\" alt=\"\" width=\"150\" height=\"150\" \/><\/a>\u00a0\u00a0<a href=\"https:\/\/www.forum-soegel.de\/information\/wp-content\/uploads\/2015\/12\/Afrikanische-Impressionen7.jpg\"><img loading=\"lazy\" decoding=\"async\" class=\"alignnone size-thumbnail wp-image-17541\" title=\"Afrikanische Impressionen7\" src=\"https:\/\/www.forum-soegel.de\/information\/wp-content\/uploads\/2015\/12\/Afrikanische-Impressionen7-150x150.jpg\" alt=\"\" width=\"150\" height=\"150\" \/><\/a><\/p>\n<p><a href=\"https:\/\/www.forum-soegel.de\/information\/wp-content\/uploads\/2015\/12\/Afrikanische-Impressionen8.jpg\"><img loading=\"lazy\" decoding=\"async\" class=\"alignnone size-thumbnail wp-image-17542\" title=\"Afrikanische Impressionen8\" src=\"https:\/\/www.forum-soegel.de\/information\/wp-content\/uploads\/2015\/12\/Afrikanische-Impressionen8-150x150.jpg\" alt=\"\" width=\"150\" height=\"150\" \/><\/a>\u00a0\u00a0<a href=\"https:\/\/www.forum-soegel.de\/information\/wp-content\/uploads\/2015\/12\/Afrikanische-Impressionen9.jpg\"><img loading=\"lazy\" decoding=\"async\" class=\"alignnone size-thumbnail wp-image-17543\" title=\"Afrikanische Impressionen9\" src=\"https:\/\/www.forum-soegel.de\/information\/wp-content\/uploads\/2015\/12\/Afrikanische-Impressionen9-150x150.jpg\" alt=\"\" width=\"150\" height=\"150\" \/><\/a>\u00a0\u00a0<a href=\"https:\/\/www.forum-soegel.de\/information\/wp-content\/uploads\/2015\/12\/Afrikanische-Impressionen10.jpg\"><img loading=\"lazy\" decoding=\"async\" class=\"alignnone size-thumbnail wp-image-17544\" title=\"Afrikanische Impressionen10\" src=\"https:\/\/www.forum-soegel.de\/information\/wp-content\/uploads\/2015\/12\/Afrikanische-Impressionen10-150x150.jpg\" alt=\"\" width=\"150\" height=\"150\" \/><\/a><\/p>\n","protected":false},"excerpt":{"rendered":"S\u00f6gel &#8211; Nachdem Uwe M\u00fcller aus S\u00f6gel mehrere Kalender mit von ihm aufgenommenen Fotos von afrikanischen Tieren ver\u00f6ffentlicht hatte, gab er f\u00fcr 2015 einen Kalender mit Landschaftsbildern aus aller Welt heraus. F\u00fcr 2016 hat er sich wieder Afrika zugewendet. Dieses Mal pr\u00e4sentiert er nicht nur Tiere, sondern auch Menschen. Ein entspannter Leopard mit friedlichem Katzengesicht [&hellip;]\n","protected":false},"author":2,"featured_media":0,"comment_status":"closed","ping_status":"closed","sticky":false,"template":"","format":"standard","meta":{"ngg_post_thumbnail":0,"footnotes":""},"categories":[3],"tags":[],"class_list":["post-17534","post","type-post","status-publish","format-standard","hentry","category-aktuelles-aus-der-region"],"_links":{"self":[{"href":"https:\/\/www.forum-soegel.de\/information\/wp-json\/wp\/v2\/posts\/17534","targetHints":{"allow":["GET"]}}],"collection":[{"href":"https:\/\/www.forum-soegel.de\/information\/wp-json\/wp\/v2\/posts"}],"about":[{"href":"https:\/\/www.forum-soegel.de\/information\/wp-json\/wp\/v2\/types\/post"}],"author":[{"embeddable":true,"href":"https:\/\/www.forum-soegel.de\/information\/wp-json\/wp\/v2\/users\/2"}],"replies":[{"embeddable":true,"href":"https:\/\/www.forum-soegel.de\/information\/wp-json\/wp\/v2\/comments?post=17534"}],"version-history":[{"count":1,"href":"https:\/\/www.forum-soegel.de\/information\/wp-json\/wp\/v2\/posts\/17534\/revisions"}],"predecessor-version":[{"id":17545,"href":"https:\/\/www.forum-soegel.de\/information\/wp-json\/wp\/v2\/posts\/17534\/revisions\/17545"}],"wp:attachment":[{"href":"https:\/\/www.forum-soegel.de\/information\/wp-json\/wp\/v2\/media?parent=17534"}],"wp:term":[{"taxonomy":"category","embeddable":true,"href":"https:\/\/www.forum-soegel.de\/information\/wp-json\/wp\/v2\/categories?post=17534"},{"taxonomy":"post_tag","embeddable":true,"href":"https:\/\/www.forum-soegel.de\/information\/wp-json\/wp\/v2\/tags?post=17534"}],"curies":[{"name":"wp","href":"https:\/\/api.w.org\/{rel}","templated":true}]}}