{"id":17527,"date":"2015-12-09T19:30:32","date_gmt":"2015-12-09T18:30:32","guid":{"rendered":"https:\/\/www.forum-soegel.de\/information\/?p=17527"},"modified":"2015-12-09T19:30:32","modified_gmt":"2015-12-09T18:30:32","slug":"nach-recht-und-gesetz","status":"publish","type":"post","link":"https:\/\/www.forum-soegel.de\/information\/2015\/12\/nach-recht-und-gesetz\/","title":{"rendered":"Nach Recht und Gesetz"},"content":{"rendered":"<p align=\"left\">S\u00f6gel &#8211; So k\u00f6nnte man den Vortrag von J\u00fcrgen Arlinghaus nennen, der den Referatsh\u00f6hepunkt des Fr\u00fchst\u00fcckstreffens am letzten Dienstag im Oktober bildete. J\u00fcrgen Arlinghaus ist Volljurist und lebt mit seiner Frau und vier Kindern \u00a0in S\u00f6gel.<\/p>\n<p align=\"left\">Nach juristischen T\u00e4tigkeiten in G\u00f6ttingen, K\u00f6ln und Marburg an der Lahn ist Arlinghaus seit 2010 Familienrichter in Papenburg. Seine T\u00e4tigkeit umfasst u.a. das Betreuungsrecht, Familienrecht, auch Unterhaltsrecht in unterschiedlichen Lebensgemeinschaften sowie Erbschaftsangelegenheiten.<\/p>\n<p align=\"left\">Die Seniorinnen und Senioren, wieder zahlreich erschienen, nahmen sehr interessiert die auch f\u00fcr Nichtjuristen verst\u00e4ndlich vorgetragenen gesetzesrelevanten Tagesthemen eines Familienrichters auf.<\/p>\n<p align=\"left\">Nicht verzichten mussten die Anwesenden auf Jan Blank und Heiner Meiners von den Trecksacksp\u00e4lern, die f\u00fcr den musikalisch stimmungsvollen Teil des Treffens sorgten.<\/p>\n<p align=\"left\">Am Mittwoch der Woche zuvor gab es ein Treffen im gro\u00dfen Sitzungssaal des Rathauses S\u00f6gel.<\/p>\n<p align=\"left\">Eingeladen hatten, stellvertretend f\u00fcr die Gemeinde, Gerd Kerssens und der Vorsitzende der Freiwilligen- Agentur S\u00f6gel, Hermann Grotjohann.<\/p>\n<p align=\"left\">Mit einem \u201eDankesch\u00f6n- Fr\u00fchst\u00fcck\u201c wollte man den \u00fcber 20 Damen aus den Gemeinden B, wie Ber\u00dfen bis W, wie Werpeloh Dank und\u00a0 Anerkennung schenken.<\/p>\n<p align=\"left\">Diese Damen sorgen bei den monatlichen Fr\u00fchst\u00fcckstreffen daf\u00fcr, dass alles reibungslos abl\u00e4uft und alle satt werden.<\/p>\n<p align=\"left\">Gleichzeitig war dieses Treffen angesagt, um die Termine in den einzelnen Orten der Samtgemeinde f\u00fcr das kommende Jahr festzulegen.<\/p>\n<p align=\"left\">Hermann Grotjohann k\u00fcndigte an, bereits Gespr\u00e4che mit einigen Referenten\/innen gef\u00fchrt zu haben.<\/p>\n<p align=\"left\">Text\/Foto: Klaus Sch\u00e4ffner<\/p>\n<p align=\"left\"><a href=\"https:\/\/www.forum-soegel.de\/information\/wp-content\/uploads\/2015\/12\/Nach-Recht-und-Gesetz1.jpg\"><img loading=\"lazy\" decoding=\"async\" class=\"alignnone size-thumbnail wp-image-17528\" title=\"Nach Recht und Gesetz1\" src=\"https:\/\/www.forum-soegel.de\/information\/wp-content\/uploads\/2015\/12\/Nach-Recht-und-Gesetz1-150x150.jpg\" alt=\"\" width=\"150\" height=\"150\" \/><\/a>\u00a0\u00a0<a href=\"https:\/\/www.forum-soegel.de\/information\/wp-content\/uploads\/2015\/12\/Nach-Recht-und-Gesetz2.jpg\"><img loading=\"lazy\" decoding=\"async\" class=\"alignnone size-thumbnail wp-image-17529\" title=\"Nach Recht und Gesetz2\" src=\"https:\/\/www.forum-soegel.de\/information\/wp-content\/uploads\/2015\/12\/Nach-Recht-und-Gesetz2-150x150.jpg\" alt=\"\" width=\"150\" height=\"150\" \/><\/a>\u00a0\u00a0<a href=\"https:\/\/www.forum-soegel.de\/information\/wp-content\/uploads\/2015\/12\/Nach-Recht-und-Gesetz3.jpg\"><img loading=\"lazy\" decoding=\"async\" class=\"alignnone size-thumbnail wp-image-17530\" title=\"Nach Recht und Gesetz3\" src=\"https:\/\/www.forum-soegel.de\/information\/wp-content\/uploads\/2015\/12\/Nach-Recht-und-Gesetz3-150x150.jpg\" alt=\"\" width=\"150\" height=\"150\" \/><\/a><\/p>\n<p align=\"left\"><a href=\"https:\/\/www.forum-soegel.de\/information\/wp-content\/uploads\/2015\/12\/Nach-Recht-und-Gesetz4.jpg\"><img loading=\"lazy\" decoding=\"async\" class=\"alignnone size-thumbnail wp-image-17531\" title=\"Nach Recht und Gesetz4\" src=\"https:\/\/www.forum-soegel.de\/information\/wp-content\/uploads\/2015\/12\/Nach-Recht-und-Gesetz4-150x150.jpg\" alt=\"\" width=\"150\" height=\"150\" \/><\/a>\u00a0\u00a0<a href=\"https:\/\/www.forum-soegel.de\/information\/wp-content\/uploads\/2015\/12\/Nach-Recht-und-Gesetz5.jpg\"><img loading=\"lazy\" decoding=\"async\" class=\"alignnone size-thumbnail wp-image-17532\" title=\"Nach Recht und Gesetz5\" src=\"https:\/\/www.forum-soegel.de\/information\/wp-content\/uploads\/2015\/12\/Nach-Recht-und-Gesetz5-150x150.jpg\" alt=\"\" width=\"150\" height=\"150\" \/><\/a><\/p>\n<p align=\"left\">\n","protected":false},"excerpt":{"rendered":"S\u00f6gel &#8211; So k\u00f6nnte man den Vortrag von J\u00fcrgen Arlinghaus nennen, der den Referatsh\u00f6hepunkt des Fr\u00fchst\u00fcckstreffens am letzten Dienstag im Oktober bildete. J\u00fcrgen Arlinghaus ist Volljurist und lebt mit seiner Frau und vier Kindern \u00a0in S\u00f6gel. Nach juristischen T\u00e4tigkeiten in G\u00f6ttingen, K\u00f6ln und Marburg an der Lahn ist Arlinghaus seit 2010 Familienrichter in Papenburg. Seine [&hellip;]\n","protected":false},"author":2,"featured_media":0,"comment_status":"closed","ping_status":"closed","sticky":false,"template":"","format":"standard","meta":{"ngg_post_thumbnail":0,"footnotes":""},"categories":[3],"tags":[],"class_list":["post-17527","post","type-post","status-publish","format-standard","hentry","category-aktuelles-aus-der-region"],"_links":{"self":[{"href":"https:\/\/www.forum-soegel.de\/information\/wp-json\/wp\/v2\/posts\/17527","targetHints":{"allow":["GET"]}}],"collection":[{"href":"https:\/\/www.forum-soegel.de\/information\/wp-json\/wp\/v2\/posts"}],"about":[{"href":"https:\/\/www.forum-soegel.de\/information\/wp-json\/wp\/v2\/types\/post"}],"author":[{"embeddable":true,"href":"https:\/\/www.forum-soegel.de\/information\/wp-json\/wp\/v2\/users\/2"}],"replies":[{"embeddable":true,"href":"https:\/\/www.forum-soegel.de\/information\/wp-json\/wp\/v2\/comments?post=17527"}],"version-history":[{"count":1,"href":"https:\/\/www.forum-soegel.de\/information\/wp-json\/wp\/v2\/posts\/17527\/revisions"}],"predecessor-version":[{"id":17533,"href":"https:\/\/www.forum-soegel.de\/information\/wp-json\/wp\/v2\/posts\/17527\/revisions\/17533"}],"wp:attachment":[{"href":"https:\/\/www.forum-soegel.de\/information\/wp-json\/wp\/v2\/media?parent=17527"}],"wp:term":[{"taxonomy":"category","embeddable":true,"href":"https:\/\/www.forum-soegel.de\/information\/wp-json\/wp\/v2\/categories?post=17527"},{"taxonomy":"post_tag","embeddable":true,"href":"https:\/\/www.forum-soegel.de\/information\/wp-json\/wp\/v2\/tags?post=17527"}],"curies":[{"name":"wp","href":"https:\/\/api.w.org\/{rel}","templated":true}]}}