{"id":17524,"date":"2015-12-09T19:28:02","date_gmt":"2015-12-09T18:28:02","guid":{"rendered":"https:\/\/www.forum-soegel.de\/information\/?p=17524"},"modified":"2015-12-09T19:28:02","modified_gmt":"2015-12-09T18:28:02","slug":"neue-%e2%80%9eleitung%e2%80%9c-in-der-telefonzellenbucherei-sogel","status":"publish","type":"post","link":"https:\/\/www.forum-soegel.de\/information\/2015\/12\/neue-%e2%80%9eleitung%e2%80%9c-in-der-telefonzellenbucherei-sogel\/","title":{"rendered":"Neue \u201eLeitung\u201c in der Telefonzellenb\u00fccherei S\u00f6gel"},"content":{"rendered":"<p><a href=\"https:\/\/www.forum-soegel.de\/information\/wp-content\/uploads\/2015\/12\/Neue-\u201eLeitung\u201c-in-der-Telefonzellenb\u00fccherei-S\u00f6gel.jpg\"><img loading=\"lazy\" decoding=\"async\" class=\"alignleft size-medium wp-image-17525\" title=\"Neue \u201eLeitung\u201c in der Telefonzellenb\u00fccherei S\u00f6gel\" src=\"https:\/\/www.forum-soegel.de\/information\/wp-content\/uploads\/2015\/12\/Neue-\u201eLeitung\u201c-in-der-Telefonzellenb\u00fccherei-S\u00f6gel-201x300.jpg\" alt=\"\" width=\"201\" height=\"300\" srcset=\"https:\/\/www.forum-soegel.de\/information\/wp-content\/uploads\/2015\/12\/Neue-\u201eLeitung\u201c-in-der-Telefonzellenb\u00fccherei-S\u00f6gel-201x300.jpg 201w, https:\/\/www.forum-soegel.de\/information\/wp-content\/uploads\/2015\/12\/Neue-\u201eLeitung\u201c-in-der-Telefonzellenb\u00fccherei-S\u00f6gel.jpg 516w\" sizes=\"auto, (max-width: 201px) 100vw, 201px\" \/><\/a>S\u00f6gel &#8211; \u00dcber Facebook hat die 22-j\u00e4hrige Kathi T\u00f6ller aus S\u00f6gel erfahren, dass die Gemeinde S\u00f6gel eine neue Betreuung f\u00fcr die Telefonzellenb\u00fccherei auf dem S\u00f6geler Marktplatz sucht. Die gelernte Heilerziehungspflegerin hat sich spontan darauf gemeldet, weil sie die Idee der Telefonzellenb\u00fccherei gut findet. \u201eHier k\u00f6nnen auf unkomplizierte Weise B\u00fccher ausgeliehen werden. Es gibt keine Ausleihfristen. Die B\u00fccher sind allesamt gespendet.\u201c Viele G\u00e4ste der kleinen B\u00fccherei w\u00fcrden B\u00fccher bringen und gleich auch ein neues wieder mitnehmen, freut sich T\u00f6ller. Sie hat die B\u00fccherei bereits zwei Monate probehalber betreut und sich jetzt entschieden, die Arbeit weiter fortzuf\u00fchren.\u00a0 Alle paar Tage schaut sie nach dem Rechten. \u201eFast immer liegen neue B\u00fccher aus.\u201c Nur manchmal wird es zu viel. Dann, wenn Leser es wohl zu gut gemeint haben und gleich kartonweise B\u00fccher aus den heimischen Regal aussortiert haben. In diesem Fall bittet T\u00f6ller um Kontaktaufnahme mit ihr. \u201eDann werde ich die B\u00fccher, die nicht in der Telefonzelle untergebracht werden k\u00f6nnen, gleich zur B\u00fccherb\u00f6rse des Malteser Hilfsdienstes bringen k\u00f6nnen.\u201c Ihre Kontaktdaten: Tel.: 05952\/2100, mail: katharinatoeller@yahoo.de. T\u00f6ller liest selbst gerne B\u00fccher. \u201eF\u00fcr mich war auch schon das eine oder andere Buch dabei!\u201c Besonderes Interesse f\u00e4nden die alten Klassiker, die von Sch\u00fclern im Deutschunterricht benutzt werden wie z.B. \u201eDie Physiker\u201c von\u00a0 Friedrich D\u00fcrrenmatt. Diese seien schnell vergriffen. Kinderb\u00fccher, englischsprachige B\u00fccher oder auch ganz aktuelle Romane seien ebenfalls\u00a0 im st\u00e4ndigen Wechsel. \u201eEin Blick lohnt sich auf alle F\u00e4lle!\u201c, r\u00e4t T\u00f6ller. Von Vandalismus ist die B\u00fccherei bisher verschont worden.<\/p>\n<p>Text: Ingrid Cloppenburg\/ Foto: Gemeinde S\u00f6gel<\/p>\n","protected":false},"excerpt":{"rendered":"S\u00f6gel &#8211; \u00dcber Facebook hat die 22-j\u00e4hrige Kathi T\u00f6ller aus S\u00f6gel erfahren, dass die Gemeinde S\u00f6gel eine neue Betreuung f\u00fcr die Telefonzellenb\u00fccherei auf dem S\u00f6geler Marktplatz sucht. Die gelernte Heilerziehungspflegerin hat sich spontan darauf gemeldet, weil sie die Idee der Telefonzellenb\u00fccherei gut findet. \u201eHier k\u00f6nnen auf unkomplizierte Weise B\u00fccher ausgeliehen werden. Es gibt keine Ausleihfristen. [&hellip;]\n","protected":false},"author":2,"featured_media":0,"comment_status":"closed","ping_status":"closed","sticky":false,"template":"","format":"standard","meta":{"ngg_post_thumbnail":0,"footnotes":""},"categories":[3],"tags":[],"class_list":["post-17524","post","type-post","status-publish","format-standard","hentry","category-aktuelles-aus-der-region"],"_links":{"self":[{"href":"https:\/\/www.forum-soegel.de\/information\/wp-json\/wp\/v2\/posts\/17524","targetHints":{"allow":["GET"]}}],"collection":[{"href":"https:\/\/www.forum-soegel.de\/information\/wp-json\/wp\/v2\/posts"}],"about":[{"href":"https:\/\/www.forum-soegel.de\/information\/wp-json\/wp\/v2\/types\/post"}],"author":[{"embeddable":true,"href":"https:\/\/www.forum-soegel.de\/information\/wp-json\/wp\/v2\/users\/2"}],"replies":[{"embeddable":true,"href":"https:\/\/www.forum-soegel.de\/information\/wp-json\/wp\/v2\/comments?post=17524"}],"version-history":[{"count":1,"href":"https:\/\/www.forum-soegel.de\/information\/wp-json\/wp\/v2\/posts\/17524\/revisions"}],"predecessor-version":[{"id":17526,"href":"https:\/\/www.forum-soegel.de\/information\/wp-json\/wp\/v2\/posts\/17524\/revisions\/17526"}],"wp:attachment":[{"href":"https:\/\/www.forum-soegel.de\/information\/wp-json\/wp\/v2\/media?parent=17524"}],"wp:term":[{"taxonomy":"category","embeddable":true,"href":"https:\/\/www.forum-soegel.de\/information\/wp-json\/wp\/v2\/categories?post=17524"},{"taxonomy":"post_tag","embeddable":true,"href":"https:\/\/www.forum-soegel.de\/information\/wp-json\/wp\/v2\/tags?post=17524"}],"curies":[{"name":"wp","href":"https:\/\/api.w.org\/{rel}","templated":true}]}}